{"id":76144,"date":"2023-11-04T09:24:23","date_gmt":"2023-11-04T13:24:23","guid":{"rendered":"https:\/\/pinstripesnation.com\/insider-desmiente-los-rumores-sobre-el-contrato-de-derek-jeter-con-nuevos-detalles\/"},"modified":"2024-03-10T05:28:10","modified_gmt":"2024-03-10T09:28:10","slug":"insider-desmiente-los-rumores-sobre-el-contrato-de-derek-jeter-con-nuevos-detalles","status":"publish","type":"post","link":"https:\/\/pinstripesnation.com\/es\/insider-desmiente-los-rumores-sobre-el-contrato-de-derek-jeter-con-nuevos-detalles\/","title":{"rendered":"Insider desmiente los rumores sobre el contrato de Derek Jeter con nuevos detalles"},"content":{"rendered":"\n<p>La leyenda de los Yankees <a href=\"https:\/\/pinstripesnation.com\/derek-jeter-mr-november-captain-clutch\/\">Derek Jeter<\/a> regresar\u00e1 a Fox Sports el a\u00f1o que viene. Seg\u00fan <a href=\"https:\/\/nypost.com\/2023\/11\/02\/sports\/how-derek-jeter-can-fulfill-potential-as-mlbs-biggest-tv-voice\/\" target=\"_blank\" rel=\"noopener\">un informe de Andrew Marchand<\/a> de The New York Post, el icono del b\u00e9isbol tiene un contrato multimillonario de seis a\u00f1os y la temporada 2023 era solo el primer a\u00f1o del mismo.<\/p>\n\n\n\n<p>Hubo <a href=\"https:\/\/pinstripesnation.com\/es\/el-futuro-de-derek-jeter-con-la-fox-en-el-aire-tras-la-conclusion-de-las-series-mundiales\/\">recelos sobre<\/a> la carrera como locutor de Derek Jeter despu\u00e9s de que mencionara que no estaba seguro de ello e indicara que tendr\u00edan que esperar a ver qu\u00e9 pasaba. Lo dijo el mi\u00e9rcoles en el programa de la Fox posterior al partido, despu\u00e9s de que su ex compa\u00f1ero <a href=\"https:\/\/pinstripesnation.com\/alex-rodriguez-mlbs-most-enigmatic-superstar\/\">Alex Rodr\u00edguez<\/a> le preguntara: \u00ab\u00bfVolver\u00e1s?\u00bb.<\/p>\n\n\n\n<h2 class=\"wp-block-heading\">La temporada de debut de Derek Jeter fue un \u00e9xito<\/h2>\n\n\n\n<p>En su temporada de debut como radiodifusor, los aficionados vieron a un Derek Jeter m\u00e1s relajado que el <a href=\"https:\/\/pinstripesnation.com\/es\/\">yanqui<\/a> ultraconcentrado conocido por perseguir campeonatos. Aunque en el campo se mostraba muy serio, en privado era muy divertido y desenvuelto con sus compa\u00f1eros. As\u00ed lo demostr\u00f3 durante su comparecencia posterior al partido en Fox Sports.<\/p>\n\n\n\n<figure class=\"wp-block-image size-large\"><img fetchpriority=\"high\" decoding=\"async\" width=\"1200\" height=\"592\" src=\"https:\/\/pinstripesnation.com\/wp-content\/uploads\/2023\/10\/image-199-1200x592.png\" alt=\"Derek Jeter entre sus colegas de Fox Sports\" class=\"wp-image-75749\" srcset=\"https:\/\/pinstripesnation.com\/wp-content\/uploads\/2023\/10\/image-199-1200x592.png 1200w, https:\/\/pinstripesnation.com\/wp-content\/uploads\/2023\/10\/image-199-300x148.png 300w, https:\/\/pinstripesnation.com\/wp-content\/uploads\/2023\/10\/image-199-768x379.png 768w, https:\/\/pinstripesnation.com\/wp-content\/uploads\/2023\/10\/image-199-1536x758.png 1536w, https:\/\/pinstripesnation.com\/wp-content\/uploads\/2023\/10\/image-199-120x59.png 120w, https:\/\/pinstripesnation.com\/wp-content\/uploads\/2023\/10\/image-199-1024x505.png 1024w, https:\/\/pinstripesnation.com\/wp-content\/uploads\/2023\/10\/image-199-1320x651.png 1320w, https:\/\/pinstripesnation.com\/wp-content\/uploads\/2023\/10\/image-199.png 1839w\" sizes=\"(max-width: 1200px) 100vw, 1200px\" \/><\/figure>\n\n\n\n<p>Brome\u00f3 \u00abrenunciando\u00bb despu\u00e9s de que David Ortiz le regalara una camiseta de los Red Sox el primer d\u00eda. <a href=\"https:\/\/pinstripesnation.com\/es\/derek-jeter-se-rie-del-acento-de-un-colega-de-fox\/\">Se burl\u00f3 del acento de Kevin Burkhardt, natural de Nueva Jersey<\/a>. Rechaz\u00f3 de buen grado llevar un sombrero vaquero y poco despu\u00e9s public\u00f3 una foto con uno.<\/p>\n\n\n\n<figure class=\"wp-block-embed is-type-rich is-provider-twitter wp-block-embed-twitter\"><div class=\"wp-block-embed__wrapper\">\n<blockquote class=\"twitter-tweet\" data-width=\"500\" data-dnt=\"true\"><p lang=\"en\" dir=\"ltr\">Relax!!! It was just a skit <a href=\"https:\/\/t.co\/GtdQHzTpHr\">pic.twitter.com\/GtdQHzTpHr<\/a><\/p>&mdash; Derek Jeter (@derekjeter) <a href=\"https:\/\/twitter.com\/derekjeter\/status\/1716171635940598007?ref_src=twsrc%5Etfw\" target=\"_blank\" rel=\"noopener\">October 22, 2023<\/a><\/blockquote><script async src=\"https:\/\/platform.twitter.com\/widgets.js\" charset=\"utf-8\"><\/script>\n<\/div><\/figure>\n\n\n\n<figure class=\"wp-block-image size-full\"><img decoding=\"async\" width=\"1200\" height=\"802\" src=\"https:\/\/pinstripesnation.com\/wp-content\/uploads\/2023\/10\/derek-jeter-new-york-yankees-2.jpg\" alt=\"derek-jeter-new-york-yankees\" class=\"wp-image-74643\" srcset=\"https:\/\/pinstripesnation.com\/wp-content\/uploads\/2023\/10\/derek-jeter-new-york-yankees-2.jpg 1200w, https:\/\/pinstripesnation.com\/wp-content\/uploads\/2023\/10\/derek-jeter-new-york-yankees-2-300x201.jpg 300w, https:\/\/pinstripesnation.com\/wp-content\/uploads\/2023\/10\/derek-jeter-new-york-yankees-2-768x513.jpg 768w, https:\/\/pinstripesnation.com\/wp-content\/uploads\/2023\/10\/derek-jeter-new-york-yankees-2-120x80.jpg 120w, https:\/\/pinstripesnation.com\/wp-content\/uploads\/2023\/10\/derek-jeter-new-york-yankees-2-1022x683.jpg 1022w\" sizes=\"(max-width: 1200px) 100vw, 1200px\" \/><figcaption class=\"wp-element-caption\">instagram-derekjeter<\/figcaption><\/figure>\n\n\n\n<p>Derek Jeter tambi\u00e9n emocion\u00f3 a los espectadores, a trav\u00e9s de interacciones con jugadores como <a href=\"https:\/\/www.baseball-reference.com\/players\/d\/dubonma01.shtml\" target=\"_blank\" rel=\"noopener\">Mauricio Dubon<\/a>, de Houston, que profes\u00f3 su amor por el deporte rey gracias al icono de los Yankees. Incluso el All-Star Alex Bregman se hizo un selfie con su \u00eddolo ante la mirada de Ortiz y A-Rod.<\/p>\n\n\n\n<figure class=\"wp-block-embed is-type-rich is-provider-twitter wp-block-embed-twitter\"><div class=\"wp-block-embed__wrapper\">\n<blockquote class=\"twitter-tweet\" data-width=\"500\" data-dnt=\"true\"><p lang=\"en\" dir=\"ltr\">&quot;You&#39;re the reason I love this game.&quot; \ud83e\udd79<br><br>Mauricio Dub\u00f3n tells <a href=\"https:\/\/twitter.com\/derekjeter?ref_src=twsrc%5Etfw\" target=\"_blank\" rel=\"noopener\">@derekjeter<\/a> that he is the reason he fell in love with the game of baseball \u2764\ufe0f <a href=\"https:\/\/t.co\/xvGEe0bZG4\">pic.twitter.com\/xvGEe0bZG4<\/a><\/p>&mdash; FOX Sports: MLB (@MLBONFOX) <a href=\"https:\/\/twitter.com\/MLBONFOX\/status\/1715462937236607054?ref_src=twsrc%5Etfw\" target=\"_blank\" rel=\"noopener\">October 20, 2023<\/a><\/blockquote><script async src=\"https:\/\/platform.twitter.com\/widgets.js\" charset=\"utf-8\"><\/script>\n<\/div><\/figure>\n\n\n\n<p>Los atisbos de la personalidad de Derek Jeter hacen evidente que su lugar est\u00e1 en el juego, y la radiodifusi\u00f3n se adapta perfectamente a \u00e9l.<\/p>\n\n\n\n<p>\u00bfQu\u00e9 le parece? Deje su comentario a continuaci\u00f3n.<\/p>\n","protected":false},"excerpt":{"rendered":"<p>La leyenda de los Yankees Derek Jeter regresar\u00e1 a Fox Sports el a\u00f1o que viene. Seg\u00fan un informe de Andrew Marchand de The New York Post, el icono del b\u00e9isbol tiene un contrato multimillonario de seis a\u00f1os y la temporada 2023 era solo el primer a\u00f1o del mismo. Hubo recelos sobre la carrera como locutor [&hellip;]<\/p>\n","protected":false},"author":3,"featured_media":76113,"comment_status":"open","ping_status":"closed","sticky":false,"template":"","format":"standard","meta":{"_acf_changed":false,"jnews-multi-image_gallery":[],"jnews_single_post":[],"jnews_primary_category":[],"jnews_social_meta":[],"jnews_review":[],"enable_review":"","type":"","name":"","summary":"","brand":"","sku":"","good":[],"bad":[],"score_override":"","override_value":"","rating":[],"price":[],"jnews_override_counter":[],"jnews_post_split":[],"footnotes":""},"categories":[1825,897],"tags":[1037,814],"class_list":["post-76144","post","type-post","status-publish","format-standard","has-post-thumbnail","hentry","category-derek-jeter-es","category-noticias","tag-alex-rodriguez-es","tag-derek-jeter-es"],"acf":[],"_links":{"self":[{"href":"https:\/\/pinstripesnation.com\/es\/wp-json\/wp\/v2\/posts\/76144","targetHints":{"allow":["GET"]}}],"collection":[{"href":"https:\/\/pinstripesnation.com\/es\/wp-json\/wp\/v2\/posts"}],"about":[{"href":"https:\/\/pinstripesnation.com\/es\/wp-json\/wp\/v2\/types\/post"}],"author":[{"embeddable":true,"href":"https:\/\/pinstripesnation.com\/es\/wp-json\/wp\/v2\/users\/3"}],"replies":[{"embeddable":true,"href":"https:\/\/pinstripesnation.com\/es\/wp-json\/wp\/v2\/comments?post=76144"}],"version-history":[{"count":0,"href":"https:\/\/pinstripesnation.com\/es\/wp-json\/wp\/v2\/posts\/76144\/revisions"}],"wp:featuredmedia":[{"embeddable":true,"href":"https:\/\/pinstripesnation.com\/es\/wp-json\/wp\/v2\/media\/76113"}],"wp:attachment":[{"href":"https:\/\/pinstripesnation.com\/es\/wp-json\/wp\/v2\/media?parent=76144"}],"wp:term":[{"taxonomy":"category","embeddable":true,"href":"https:\/\/pinstripesnation.com\/es\/wp-json\/wp\/v2\/categories?post=76144"},{"taxonomy":"post_tag","embeddable":true,"href":"https:\/\/pinstripesnation.com\/es\/wp-json\/wp\/v2\/tags?post=76144"}],"curies":[{"name":"wp","href":"https:\/\/api.w.org\/{rel}","templated":true}]}}