{"id":70237,"date":"2023-09-20T07:08:41","date_gmt":"2023-09-20T11:08:41","guid":{"rendered":"https:\/\/pinstripesnation.com\/ultimas-lesiones-de-los-yankees-la-resonancia-magnetica-revela-malas-noticias-para-everson-pereira-2023-09-20\/"},"modified":"2024-07-06T00:47:04","modified_gmt":"2024-07-06T04:47:04","slug":"ultimas-lesiones-de-los-yankees-la-resonancia-magnetica-revela-malas-noticias-para-everson-pereira-2023-09-20","status":"publish","type":"post","link":"https:\/\/pinstripesnation.com\/es\/ultimas-lesiones-de-los-yankees-la-resonancia-magnetica-revela-malas-noticias-para-everson-pereira-2023-09-20\/","title":{"rendered":"\u00daltimas lesiones de los Yankees: La resonancia magn\u00e9tica revela malas noticias para Everson Pereira"},"content":{"rendered":"\n<p>El jardinero novato de los Yankees <a href=\"https:\/\/pinstripesnation.com\/es\/quien-es-everson-pereira-prospecto-de-los-yankees-dotado-para-eclipsar-a-volpe\/\" data-type=\"post\" data-id=\"23934\">Everson Pereira<\/a>, que tuvo un incidente relacionado con escaleras en Boston la semana pasada, ahora est\u00e1 lidiando con algo m\u00e1s que un problema menor en la pierna. Una resonancia magn\u00e9tica ha revelado una distensi\u00f3n de grado bajo en los isquiotibiales que podr\u00eda concluir prematuramente su temporada.<\/p>\n\n<p>Los New York Yankees, que ya se han enfrentado a numerosas lesiones esta temporada, se enfrentan ahora a la posible ausencia de uno de sus j\u00f3venes jardineros para el resto del a\u00f1o. Los Yankees esperaban mantener a Everson Pereira fuera de la lista de lesionados, pero lleva cinco partidos consecutivos de baja.<\/p>\n\n<p>Adem\u00e1s de la situaci\u00f3n de Everson Pereira, los Yankees est\u00e1n lidiando actualmente con las lesiones de otros dos jardineros, <a href=\"https:\/\/pinstripesnation.com\/es\/quien-es-jasson-dominguez-la-sensacion-de-los-yankees-para-los-entrenamientos-de-primavera-de-2023\/\" data-type=\"post\" data-id=\"35871\">Jasson Dom\u00ednguez<\/a> y <a href=\"https:\/\/pinstripesnation.com\/es\/quien-es-billy-mckinney-la-eleccion-de-los-yankees-para-sustituir-al-lesionado-aaron-judge-en-el-roster\/\" data-type=\"post\" data-id=\"48469\">Billy McKinney<\/a>, ambos en la lista de lesionados.<\/p>\n\n<h2 class=\"wp-block-heading\">Una resonancia magn\u00e9tica revela la lesi\u00f3n que ha puesto fin a la temporada de Everson Pereira<\/h2>\n\n<p>Los Yankees de Nueva York han afrontado una temporada complicada, en gran parte debido a un importante n\u00famero de lesiones. Uno de los principales problemas ha sido la incapacidad de mantener una rotaci\u00f3n titular sana, con lesiones que han asolado al equipo durante toda la campa\u00f1a. Ello ha afectado gravemente a su alineaci\u00f3n titular, dando lugar a un aspecto diferente del previsto inicialmente. Everson Pereira se convertir\u00e1 en el 28\u00ba jugador en aterrizar en la <a href=\"https:\/\/www.fangraphs.com\/roster-resource\/injury-report\/yankees\" target=\"_blank\" rel=\"noopener\">lista de lesionados de los Yankees<\/a> si el equipo decide colocarlo en ella.<\/p>\n\n<figure class=\"wp-block-image size-full\"><img fetchpriority=\"high\" decoding=\"async\" width=\"1064\" height=\"709\" src=\"https:\/\/pinstripesnation.com\/wp-content\/uploads\/2023\/08\/NYPICHPDPICT000025903102.jpg\" alt=\"Everson Pereira camina en la segunda entrada contra los Nationals el martes. Everson Pereira camina en la segunda entrada contra los Nationals el martes.\" class=\"wp-image-65921\" srcset=\"https:\/\/pinstripesnation.com\/wp-content\/uploads\/2023\/08\/NYPICHPDPICT000025903102.jpg 1064w, https:\/\/pinstripesnation.com\/wp-content\/uploads\/2023\/08\/NYPICHPDPICT000025903102-300x200.jpg 300w, https:\/\/pinstripesnation.com\/wp-content\/uploads\/2023\/08\/NYPICHPDPICT000025903102-768x512.jpg 768w, https:\/\/pinstripesnation.com\/wp-content\/uploads\/2023\/08\/NYPICHPDPICT000025903102-120x80.jpg 120w, https:\/\/pinstripesnation.com\/wp-content\/uploads\/2023\/08\/NYPICHPDPICT000025903102-1024x683.jpg 1024w\" sizes=\"(max-width: 1064px) 100vw, 1064px\" \/><figcaption class=\"wp-element-caption\">Corey Sipkin \/ NY POST<\/figcaption><\/figure>\n\n<p>Everson Pereira ha estado ausente de la alineaci\u00f3n de los Yankees durante cinco partidos consecutivos, con su \u00faltima aparici\u00f3n en el Juego 1 de un doble juego el pasado jueves en Boston. Esta ausencia prolongada plantea la posibilidad de que pase a la lista de lesionados.<\/p>\n\n<p>El m\u00e1nager Aaron Boone revel\u00f3 durante su aparici\u00f3n en el podcast \u00abTalkin&#8217; Yanks Podcast\u00bb que el jardinero Everson Pereira ha estado fuera de juego desde el 14 de septiembre debido a una lesi\u00f3n en los isquiotibiales, y que exist\u00eda la posibilidad de que fuera colocado en la lista de lesionados.<\/p>\n\n<p>Boone mencion\u00f3 que Everson Pereira tiene un problema menor en los isquiotibiales y que actualmente est\u00e1n deliberando si colocarlo en la lista de lesionados con fecha retroactiva, considerando que prev\u00e9n que vuelva a jugar m\u00e1s adelante en la temporada. El momento exacto de su regreso sigue siendo incierto.<\/p>\n\n<p>Aunque hay optimismo en que Everson Pereira regrese finalmente a los terrenos de juego, a los Yankees de Nueva York s\u00f3lo les quedan 12 partidos de la actual temporada, lo que deja un tiempo limitado para su recuperaci\u00f3n. Everson Pereira est\u00e1 luchando actualmente con una lesi\u00f3n en los isquiotibiales, pero las perspectivas positivas del entrenador Boone sugieren que se espera que el joven jugador vuelva a la acci\u00f3n.<\/p>\n\n<figure class=\"wp-block-image size-large\"><img decoding=\"async\" width=\"1024\" height=\"1024\" src=\"https:\/\/pinstripesnation.com\/wp-content\/uploads\/2023\/08\/bb-Amit-1-2-1024x1024.jpg\" alt=\"Los j&#xF3;venes Everson Pereira y Oswald Peraza de los Yankees de Nueva York en el Yankee Stadium\" class=\"wp-image-65988\" srcset=\"https:\/\/pinstripesnation.com\/wp-content\/uploads\/2023\/08\/bb-Amit-1-2-1024x1024.jpg 1024w, https:\/\/pinstripesnation.com\/wp-content\/uploads\/2023\/08\/bb-Amit-1-2-150x150.jpg 150w, https:\/\/pinstripesnation.com\/wp-content\/uploads\/2023\/08\/bb-Amit-1-2-300x300.jpg 300w, https:\/\/pinstripesnation.com\/wp-content\/uploads\/2023\/08\/bb-Amit-1-2-768x768.jpg 768w, https:\/\/pinstripesnation.com\/wp-content\/uploads\/2023\/08\/bb-Amit-1-2-120x120.jpg 120w, https:\/\/pinstripesnation.com\/wp-content\/uploads\/2023\/08\/bb-Amit-1-2-683x683.jpg 683w, https:\/\/pinstripesnation.com\/wp-content\/uploads\/2023\/08\/bb-Amit-1-2.jpg 1300w\" sizes=\"(max-width: 1024px) 100vw, 1024px\" \/><figcaption class=\"wp-element-caption\">NYY<\/figcaption><\/figure>\n\n<h2 class=\"wp-block-heading\">Los Yankees esperan un r\u00e1pido regreso<\/h2>\n\n<p>Boone indic\u00f3 que evaluar\u00edan a Everson Pereira y tomar\u00edan una decisi\u00f3n respecto a la lista de lesionados en los pr\u00f3ximos d\u00edas. Los Yankees son optimistas sobre un regreso m\u00e1s r\u00e1pido, pero la decisi\u00f3n final depender\u00e1 de c\u00f3mo evolucione.<\/p>\n\n<p>Adem\u00e1s del jugador de campo <a href=\"https:\/\/pinstripesnation.com\/player\/oswald-peraza\/\">Oswald Peraza<\/a>, Everson Pereira form\u00f3 parte del grupo inicial de prospectos convocados para asegurar un tiempo de juego constante cuando las posibilidades de los Yankees en los playoffs empezaron a menguar. El joven de 22 a\u00f1os recibi\u00f3 <a href=\"https:\/\/pinstripesnation.com\/es\/la-llamada-de-pereira-no-es-comun-boone-insinua-que-los-yankees-se-centran-en-2024-2023-09-14\/\">su primer ascenso<\/a> a las mayores el 22 de agosto. Durante su etapa de 22 partidos, de los que empez\u00f3 21 como jardinero izquierdo, registr\u00f3 un promedio de bateo de .143 con siete carreras impulsadas y 31 ponches en 70 turnos al bate.<\/p>\n\n<p>MLB Pipeline lo clasifica como el tercer mejor prospecto de <a href=\"https:\/\/pinstripesnation.com\/\">los Yankees<\/a>, por detr\u00e1s de los jardineros <a href=\"https:\/\/pinstripesnation.com\/es\/quien-es-spencer-jones-el-recluta-de-los-yankees-con-cualidades-similares-a-las-de-aaron-judge\/\" data-type=\"post\" data-id=\"24188\">Spencer Jones<\/a> y Dom\u00ednguez. En las menores, Everson Pereira tuvo una temporada productiva, jugando 81 partidos con Doble-A Somerset y Triple-A Scranton\/Wilkes-Barre. Como bateador diestro, logr\u00f3 una media de bateo de .300, adem\u00e1s de 18 jonrones, 64 carreras impulsadas y un impresionante promedio de porcentaje de aciertos (OPS) de .921.<\/p>\n\n<p>Otro joven jugador de los Yankees <a href=\"https:\/\/pinstripesnation.com\/player\/oswaldo-cabrera\/\">, Oswaldo Cabrera<\/a>, ha asumido las funciones de jardinero izquierdo en los \u00faltimos cuatro partidos, con una s\u00f3lida actuaci\u00f3n en Pittsburgh durante el fin de semana, con una media de .364, un jonr\u00f3n y dos carreras impulsadas.<\/p>\n\n<p>\u00bfQu\u00e9 te parece?\nDeja tu comentario a continuaci\u00f3n. <\/p>\n","protected":false},"excerpt":{"rendered":"<p>El jardinero novato de los Yankees Everson Pereira, que tuvo un incidente relacionado con escaleras en Boston la semana pasada, ahora est\u00e1 lidiando con algo m\u00e1s que un problema menor en la pierna. Una resonancia magn\u00e9tica ha revelado una distensi\u00f3n de grado bajo en los isquiotibiales que podr\u00eda concluir prematuramente su temporada. Los New York [&hellip;]<\/p>\n","protected":false},"author":2,"featured_media":70235,"comment_status":"open","ping_status":"closed","sticky":false,"template":"","format":"standard","meta":{"_acf_changed":false,"jnews-multi-image_gallery":[],"jnews_single_post":[],"jnews_primary_category":[],"jnews_social_meta":[],"jnews_review":[],"enable_review":"","type":"","name":"","summary":"","brand":"","sku":"","good":[],"bad":[],"score_override":"","override_value":"","rating":[],"price":[],"jnews_override_counter":[],"jnews_post_split":[],"footnotes":""},"categories":[897],"tags":[1154,1434],"class_list":["post-70237","post","type-post","status-publish","format-standard","has-post-thumbnail","hentry","category-noticias","tag-everson-pereira-es","tag-ultimas-noticias-sobre-las-lesiones-de-los-yankees"],"acf":[],"_links":{"self":[{"href":"https:\/\/pinstripesnation.com\/es\/wp-json\/wp\/v2\/posts\/70237","targetHints":{"allow":["GET"]}}],"collection":[{"href":"https:\/\/pinstripesnation.com\/es\/wp-json\/wp\/v2\/posts"}],"about":[{"href":"https:\/\/pinstripesnation.com\/es\/wp-json\/wp\/v2\/types\/post"}],"author":[{"embeddable":true,"href":"https:\/\/pinstripesnation.com\/es\/wp-json\/wp\/v2\/users\/2"}],"replies":[{"embeddable":true,"href":"https:\/\/pinstripesnation.com\/es\/wp-json\/wp\/v2\/comments?post=70237"}],"version-history":[{"count":0,"href":"https:\/\/pinstripesnation.com\/es\/wp-json\/wp\/v2\/posts\/70237\/revisions"}],"wp:featuredmedia":[{"embeddable":true,"href":"https:\/\/pinstripesnation.com\/es\/wp-json\/wp\/v2\/media\/70235"}],"wp:attachment":[{"href":"https:\/\/pinstripesnation.com\/es\/wp-json\/wp\/v2\/media?parent=70237"}],"wp:term":[{"taxonomy":"category","embeddable":true,"href":"https:\/\/pinstripesnation.com\/es\/wp-json\/wp\/v2\/categories?post=70237"},{"taxonomy":"post_tag","embeddable":true,"href":"https:\/\/pinstripesnation.com\/es\/wp-json\/wp\/v2\/tags?post=70237"}],"curies":[{"name":"wp","href":"https:\/\/api.w.org\/{rel}","templated":true}]}}