{"id":68701,"date":"2023-09-09T07:30:21","date_gmt":"2023-09-09T11:30:21","guid":{"rendered":"https:\/\/pinstripesnation.com\/dan-patrick-revela-fea-disputa-con-alex-rodriguez-sobre-derek-jeter-2023-09-09\/"},"modified":"2024-02-14T21:57:53","modified_gmt":"2024-02-15T02:57:53","slug":"dan-patrick-revela-fea-disputa-con-alex-rodriguez-sobre-derek-jeter-2023-09-09","status":"publish","type":"post","link":"https:\/\/pinstripesnation.com\/es\/dan-patrick-revela-fea-disputa-con-alex-rodriguez-sobre-derek-jeter-2023-09-09\/","title":{"rendered":"Dan Patrick revela fea disputa con Alex Rodr\u00edguez sobre Derek Jeter"},"content":{"rendered":"\n<p>En una ocasi\u00f3n, el presentador de radio Dan Patrick tuvo un altercado muy hostil con <a href=\"https:\/\/pinstripesnation.com\/es\/alex-rodriguez-cuestiona-el-contrato-de-700-millones-de-dolares-de-ohtani-y-lo-califica-de-amenaza-para-el-beisbol\/\">Alex Rodr\u00edguez<\/a> que estuvo a punto de convertirse en una pelea por ciertos comentarios de este \u00faltimo sobre el legendario campocorto de los Yankees <a href=\"https:\/\/pinstripesnation.com\/derek-jeter-mr-november-captain-clutch\/\">Derek Jeter<\/a>.  <\/p>\n\n\n\n<p><a href=\"https:\/\/twitter.com\/PardonMyTake\/status\/1700156173209465073\" target=\"_blank\" rel=\"noopener\">Patrick lo revel\u00f3<\/a> durante su reciente aparici\u00f3n en \u00abPardon My Take\u00bb. Comparti\u00f3 que una acalorada discusi\u00f3n con Alex Rodr\u00edguez casi escal\u00f3 a una confrontaci\u00f3n f\u00edsica cuando el tercera base de <a href=\"https:\/\/pinstripesnation.com\/es\/\">los Yankees<\/a> se encontr\u00f3 con \u00e9l en un vestuario.<\/p>\n\n\n\n<h2 class=\"wp-block-heading\">El incidente que provoc\u00f3 la pelea de Alex Rodr\u00edguez con Patrick<\/h2>\n\n\n\n<p>El <a href=\"https:\/\/danpatrick.com\/\" target=\"_blank\" rel=\"noopener\">locutor de<\/a> radio record\u00f3 el incidente, en el que Alex Rodr\u00edguez hab\u00eda criticado el contrato de <a href=\"https:\/\/pinstripesnation.com\/derek-jeter-mr-november-captain-clutch\/\">Derek Jeter<\/a> durante una entrevista en su programa. Patrick mencion\u00f3 que en ese momento, A-Rod hab\u00eda pensado que estaban fuera del aire, pero las cr\u00edticas ya se hab\u00edan producido. El presentador a\u00f1adi\u00f3 que no estaba seguro de si Alex Rodr\u00edguez le guardaba alg\u00fan resentimiento, y pas\u00f3 a describir otra ocasi\u00f3n en Dallas que ocurri\u00f3 un par de a\u00f1os despu\u00e9s.<\/p>\n\n\n\n<blockquote class=\"wp-block-quote is-layout-flow wp-block-quote-is-layout-flow\">\n<p>\u00abAlex Rodr\u00edguez criticando el contrato de Derek Jeter cuando estaba en mi programa &#8230; Pens\u00f3 que estaba fuera del aire conmigo, pero estaba criticando a Derek Jeter. Ahora, ni siquiera s\u00e9 si est\u00e1 enfadado conmigo. Hicimos la entrevista y, un par de a\u00f1os despu\u00e9s, est\u00e1bamos en Dallas\u00bb, cont\u00f3 Patrick.<\/p>\n<\/blockquote>\n\n\n\n<p><\/p>\n\n\n\n<figure class=\"wp-block-image size-large\"><img fetchpriority=\"high\" decoding=\"async\" width=\"1024\" height=\"685\" src=\"https:\/\/pinstripesnation.com\/wp-content\/uploads\/2023\/01\/alex-rodriguez-derek-jeter-new-york-yankees-1024x685.jpg\" alt=\"alex-rodriguez-derek-jeter-new-york-yankees\" class=\"wp-image-24099\" srcset=\"https:\/\/pinstripesnation.com\/wp-content\/uploads\/2023\/01\/alex-rodriguez-derek-jeter-new-york-yankees-1024x685.jpg 1024w, https:\/\/pinstripesnation.com\/wp-content\/uploads\/2023\/01\/alex-rodriguez-derek-jeter-new-york-yankees-300x201.jpg 300w, https:\/\/pinstripesnation.com\/wp-content\/uploads\/2023\/01\/alex-rodriguez-derek-jeter-new-york-yankees-768x514.jpg 768w, https:\/\/pinstripesnation.com\/wp-content\/uploads\/2023\/01\/alex-rodriguez-derek-jeter-new-york-yankees-1200x803.jpg 1200w, https:\/\/pinstripesnation.com\/wp-content\/uploads\/2023\/01\/alex-rodriguez-derek-jeter-new-york-yankees-120x80.jpg 120w, https:\/\/pinstripesnation.com\/wp-content\/uploads\/2023\/01\/alex-rodriguez-derek-jeter-new-york-yankees-1021x683.jpg 1021w, https:\/\/pinstripesnation.com\/wp-content\/uploads\/2023\/01\/alex-rodriguez-derek-jeter-new-york-yankees-1320x883.jpg 1320w, https:\/\/pinstripesnation.com\/wp-content\/uploads\/2023\/01\/alex-rodriguez-derek-jeter-new-york-yankees.jpg 1536w\" sizes=\"(max-width: 1024px) 100vw, 1024px\" \/><\/figure>\n\n\n\n<p>Patrick explic\u00f3 que hab\u00eda sugerido ponerse en contacto con Alex Rodr\u00edguez para invitarle al programa. Se puso en contacto con la persona de relaciones p\u00fablicas y se enter\u00f3 de que Alex ten\u00eda un problema con \u00e9l. Patrick propuso entonces que la ex estrella de los Yankees acudiera al vestuario para seguir hablando del asunto.<\/p>\n\n\n\n<h2 class=\"wp-block-heading\">La pelea de vestuarios<\/h2>\n\n\n\n<p>Patrick cont\u00f3 que Alex Rodr\u00edguez le hizo esperar unos 15 minutos antes de entablar conversaci\u00f3n, momento en el que la estrella del b\u00e9isbol empez\u00f3 a criticarle duramente.<\/p>\n\n\n\n<p>Record\u00f3 que cuando se enfrent\u00f3 a Alex Rodr\u00edguez por las cr\u00edticas, al principio pens\u00f3 que A-Rod iba a enfrentarse f\u00edsicamente a \u00e9l, pues ya hab\u00eda empezado a gritar. Patrick le record\u00f3 que la conversaci\u00f3n hab\u00eda quedado registrada. Mencion\u00f3 que el ex lanzador de la MLB Rob Dibble estaba con \u00e9l en ese momento y se hab\u00eda ofrecido a apoyar a Patrick si se produc\u00eda un enfrentamiento f\u00edsico.<\/p>\n\n\n\n<figure class=\"wp-block-image size-full\"><img decoding=\"async\" width=\"981\" height=\"654\" src=\"https:\/\/pinstripesnation.com\/wp-content\/uploads\/2022\/12\/alex-rodriguez-derek-jeter-new-york-yankees.png\" alt=\"Alex Rodr\u00edguez y Derek Jeter\" class=\"wp-image-23126\" srcset=\"https:\/\/pinstripesnation.com\/wp-content\/uploads\/2022\/12\/alex-rodriguez-derek-jeter-new-york-yankees.png 981w, https:\/\/pinstripesnation.com\/wp-content\/uploads\/2022\/12\/alex-rodriguez-derek-jeter-new-york-yankees-300x200.png 300w, https:\/\/pinstripesnation.com\/wp-content\/uploads\/2022\/12\/alex-rodriguez-derek-jeter-new-york-yankees-768x512.png 768w, https:\/\/pinstripesnation.com\/wp-content\/uploads\/2022\/12\/alex-rodriguez-derek-jeter-new-york-yankees-120x80.png 120w\" sizes=\"(max-width: 981px) 100vw, 981px\" \/><figcaption class=\"wp-element-caption\">NYP<\/figcaption><\/figure>\n\n\n\n<p>Patrick mencion\u00f3 que la situaci\u00f3n hab\u00eda escalado hasta un punto en el que se estaba acercando a un momento potencialmente conflictivo para Alex Rodr\u00edguez.<\/p>\n\n\n\n<h2 class=\"wp-block-heading\">La enemistad<\/h2>\n\n\n\n<p>La enemistad entre las dos superestrellas de los Yankees ten\u00eda una historia larga y ampliamente documentada. Alex Rodr\u00edguez y Jeter sol\u00edan compartir una estrecha amistad, pero todo cambi\u00f3 despu\u00e9s de que un notorio art\u00edculo de la revista Esquire citara a A-Rod haciendo comentarios despectivos sobre el nivel de grandeza de Jeter, lo que provoc\u00f3 una importante tensi\u00f3n en su relaci\u00f3n.<\/p>\n\n\n\n<p>Otra entrevista con Alex Rodr\u00edguez, esta vez con Patrick, erosion\u00f3 a\u00fan m\u00e1s la confianza de Jeter en su antiguo amigo, como revela el documental de ESPN \u00abThe Captain.\u00bb<\/p>\n\n\n\n<figure class=\"wp-block-image size-full\"><img decoding=\"async\" width=\"635\" height=\"629\" src=\"https:\/\/pinstripesnation.com\/wp-content\/uploads\/2023\/02\/image-64.png\" alt=\"Derek Jeter y Alex Rodriguez est\u00e1n en FOX Studio el 13 de febrero de 2023.\" class=\"wp-image-33989\" srcset=\"https:\/\/pinstripesnation.com\/wp-content\/uploads\/2023\/02\/image-64.png 635w, https:\/\/pinstripesnation.com\/wp-content\/uploads\/2023\/02\/image-64-150x150.png 150w, https:\/\/pinstripesnation.com\/wp-content\/uploads\/2023\/02\/image-64-300x297.png 300w, https:\/\/pinstripesnation.com\/wp-content\/uploads\/2023\/02\/image-64-120x120.png 120w\" sizes=\"(max-width: 635px) 100vw, 635px\" \/><figcaption class=\"wp-element-caption\">A-Rod\/ Instagram<\/figcaption><\/figure>\n\n\n\n<p>Jeter explic\u00f3 que, desde su punto de vista, Alex Rodr\u00edguez estaba intentando restar importancia a sus logros, posiblemente para justificar su propio y lucrativo contrato. Jeter reconoci\u00f3 que, en cuanto a estad\u00edsticas, las suyas no se comparaban con las de Alex, y era consciente de ello. Sin embargo, hizo hincapi\u00e9 en la importancia del \u00e9xito del equipo, afirmando que, independientemente de lo que se dijera de \u00e9l como jugador, el objetivo final era ganar.<\/p>\n\n\n\n<p>Expres\u00f3 que sus sentimientos en aquel momento estaban relacionados con la confianza y la lealtad. Cre\u00eda que si alguien te consideraba realmente un amigo, no se comportar\u00eda de esa manera.<\/p>\n\n\n\n<p>\u00bfQu\u00e9 le parece? Deje su comentario a continuaci\u00f3n.<\/p>\n","protected":false},"excerpt":{"rendered":"<p>En una ocasi\u00f3n, el presentador de radio Dan Patrick tuvo un altercado muy hostil con Alex Rodr\u00edguez que estuvo a punto de convertirse en una pelea por ciertos comentarios de este \u00faltimo sobre el legendario campocorto de los Yankees Derek Jeter. Patrick lo revel\u00f3 durante su reciente aparici\u00f3n en \u00abPardon My Take\u00bb. Comparti\u00f3 que una [&hellip;]<\/p>\n","protected":false},"author":2,"featured_media":68699,"comment_status":"open","ping_status":"closed","sticky":false,"template":"","format":"standard","meta":{"_acf_changed":false,"jnews-multi-image_gallery":[],"jnews_single_post":[],"jnews_primary_category":[],"jnews_social_meta":[],"jnews_review":[],"enable_review":"","type":"","name":"","summary":"","brand":"","sku":"","good":[],"bad":[],"score_override":"","override_value":"","rating":[],"price":[],"jnews_override_counter":[],"jnews_post_split":[],"footnotes":""},"categories":[1848,1825,897],"tags":[814,1037],"class_list":["post-68701","post","type-post","status-publish","format-standard","has-post-thumbnail","hentry","category-alex-rodriguez-es","category-derek-jeter-es","category-noticias","tag-derek-jeter-es","tag-alex-rodriguez-es"],"acf":[],"_links":{"self":[{"href":"https:\/\/pinstripesnation.com\/es\/wp-json\/wp\/v2\/posts\/68701","targetHints":{"allow":["GET"]}}],"collection":[{"href":"https:\/\/pinstripesnation.com\/es\/wp-json\/wp\/v2\/posts"}],"about":[{"href":"https:\/\/pinstripesnation.com\/es\/wp-json\/wp\/v2\/types\/post"}],"author":[{"embeddable":true,"href":"https:\/\/pinstripesnation.com\/es\/wp-json\/wp\/v2\/users\/2"}],"replies":[{"embeddable":true,"href":"https:\/\/pinstripesnation.com\/es\/wp-json\/wp\/v2\/comments?post=68701"}],"version-history":[{"count":0,"href":"https:\/\/pinstripesnation.com\/es\/wp-json\/wp\/v2\/posts\/68701\/revisions"}],"wp:featuredmedia":[{"embeddable":true,"href":"https:\/\/pinstripesnation.com\/es\/wp-json\/wp\/v2\/media\/68699"}],"wp:attachment":[{"href":"https:\/\/pinstripesnation.com\/es\/wp-json\/wp\/v2\/media?parent=68701"}],"wp:term":[{"taxonomy":"category","embeddable":true,"href":"https:\/\/pinstripesnation.com\/es\/wp-json\/wp\/v2\/categories?post=68701"},{"taxonomy":"post_tag","embeddable":true,"href":"https:\/\/pinstripesnation.com\/es\/wp-json\/wp\/v2\/tags?post=68701"}],"curies":[{"name":"wp","href":"https:\/\/api.w.org\/{rel}","templated":true}]}}