{"id":68553,"date":"2023-09-08T10:28:19","date_gmt":"2023-09-08T14:28:19","guid":{"rendered":"https:\/\/pinstripesnation.com\/pete-stendel-vuelve-a-la-accion-en-el-yankee-stadium-kay-le-da-la-bienvenida-2023-09-08\/"},"modified":"2024-07-06T01:05:14","modified_gmt":"2024-07-06T05:05:14","slug":"pete-stendel-vuelve-a-la-accion-en-el-yankee-stadium-kay-le-da-la-bienvenida-2023-09-08","status":"publish","type":"post","link":"https:\/\/pinstripesnation.com\/es\/pete-stendel-vuelve-a-la-accion-en-el-yankee-stadium-kay-le-da-la-bienvenida-2023-09-08\/","title":{"rendered":"Pete Stendel vuelve a la acci\u00f3n en el Yankee Stadium, Kay le da la bienvenida"},"content":{"rendered":"\n<p>El valiente c\u00e1mara de YES Network Pete Stendel, que fue golpeado en la cabeza por un lanzamiento involuntario a principios de verano en <a href=\"https:\/\/pinstripesnation.com\/es\/100-anos-de-la-casa-de-los-yankees-que-construyo-ruth-momentos-historicos-en-el-viejo-estadio-de-los-yankees\/\">el Yankee Stadium<\/a>, volvi\u00f3 a trabajar en el mismo estadio dos meses despu\u00e9s.  <\/p>\n\n<p>Tras un espantoso incidente en julio que le <a href=\"https:\/\/pinstripesnation.com\/es\/el-mundo-de-la-mlb-muestra-su-preocupacion-mientras-pete-stendel-se-somete-a-pruebas-por-un-traumatismo-craneal\/\">dej\u00f3 una lesi\u00f3n orbital<\/a> y una conmoci\u00f3n cerebral, Pete Stendel volvi\u00f3 a ponerse delante de una c\u00e1mara en el Bronx el jueves. Pete Stendel estaba detr\u00e1s de la c\u00e1mara cubriendo el partido entre los Yankees y los Tigers.<\/p>\n\n<h2 class=\"wp-block-heading\">Pete Stendel fue recibido de nuevo por Kay<\/h2>\n\n<p><a href=\"https:\/\/pinstripesnation.com\/es\/quien-es-michael-kay-el-iconico-presentador-deportivo-de-los-yankees-de-nueva-york\/\" data-type=\"post\" data-id=\"41530\">Michael Kay<\/a> salud\u00f3 a Pete Stendel anunci\u00e1ndole que el c\u00e1mara hab\u00eda estado de baja durante un tiempo pero que ya estaba de vuelta. El c\u00e1mara agradeci\u00f3 sus palabras saludando a la c\u00e1mara y al p\u00fablico. A\u00f1adi\u00f3 que Pete Stendel estaba en mejor forma que antes de lucir bigote y le transmiti\u00f3 el afecto de los aficionados al b\u00e9isbol y su inmensa alegr\u00eda por su recuperaci\u00f3n.<\/p>\n\n<p>Kay tambi\u00e9n mencion\u00f3 que el c\u00e1mara hab\u00eda vuelto a trabajar porque era un genio en su campo. Adem\u00e1s, a\u00f1adi\u00f3 que Pete Stendel es una persona maravillosa y afirm\u00f3 que se siente bien al verle.<\/p>\n\n<figure class=\"wp-block-image size-large\"><img fetchpriority=\"high\" decoding=\"async\" width=\"1200\" height=\"742\" src=\"https:\/\/pinstripesnation.com\/wp-content\/uploads\/2023\/09\/bb-Amit-2-1200x742.jpg\" alt=\"El c&#xE1;mara de YES Pete Stendel vuelve a la acci&#xF3;n en el Yankee Stadium el 8 de septiembre de 2023.\" class=\"wp-image-68550\" srcset=\"https:\/\/pinstripesnation.com\/wp-content\/uploads\/2023\/09\/bb-Amit-2.bmp 1200w, https:\/\/pinstripesnation.com\/wp-content\/uploads\/2023\/09\/bb-Amit-2-300x186.jpg 300w, https:\/\/pinstripesnation.com\/wp-content\/uploads\/2023\/09\/bb-Amit-2-768x475.jpg 768w, https:\/\/pinstripesnation.com\/wp-content\/uploads\/2023\/09\/bb-Amit-2-120x74.jpg 120w, https:\/\/pinstripesnation.com\/wp-content\/uploads\/2023\/09\/bb-Amit-2-1024x633.jpg 1024w, https:\/\/pinstripesnation.com\/wp-content\/uploads\/2023\/09\/bb-Amit-2-1536x950.jpg 1536w, https:\/\/pinstripesnation.com\/wp-content\/uploads\/2023\/09\/bb-Amit-2-1320x816.jpg 1320w, https:\/\/pinstripesnation.com\/wp-content\/uploads\/2023\/09\/bb-Amit-2-600x371.jpg 600w\" sizes=\"(max-width: 1200px) 100vw, 1200px\" \/><\/figure>\n\n<blockquote class=\"wp-block-quote is-layout-flow wp-block-quote-is-layout-flow\">\n<p>Nos encanta el hombre, estamos encantados de que se haya recuperado\u00bb, anunci\u00f3 Kay. \u00abVolvi\u00f3 al trabajo porque es un genio en lo que hace. Y resulta que tambi\u00e9n es un t\u00edo cojonudo. &#8230; Me alegro de verte, Pete. Buen hombre\u00bb.<\/p>\n<\/blockquote>\n\n<p><a href=\"https:\/\/pinstripesnation.com\/es\/los-yankees-expresan-su-preocupacion-por-el-camara-pete-stendel-lesionado\/\">En un partido del 5 de julio contra los Orioles<\/a>, el jugador de campo de Baltimore Gunnar Henderson lanz\u00f3 la pelota de forma imprecisa, lo que hizo que volara alta y golpeara en la cabeza a Pete Stendel, de 68 a\u00f1os.<\/p>\n\n<figure class=\"wp-block-embed is-type-rich is-provider-twitter wp-block-embed-twitter\"><div class=\"wp-block-embed__wrapper\">\n<blockquote class=\"twitter-tweet\" data-width=\"500\" data-dnt=\"true\"><p lang=\"en\" dir=\"ltr\">Welcome back, Pete Stendel \ud83d\udc4f\ud83d\udc4f <a href=\"https:\/\/t.co\/94G9O9NNEw\">pic.twitter.com\/94G9O9NNEw<\/a><\/p>&mdash; YES Network (@YESNetwork) <a href=\"https:\/\/twitter.com\/YESNetwork\/status\/1699932286811086996?ref_src=twsrc%5Etfw\" target=\"_blank\" rel=\"noopener\">September 7, 2023<\/a><\/blockquote><script async src=\"https:\/\/platform.twitter.com\/widgets.js\" charset=\"utf-8\"><\/script>\n<\/div><\/figure>\n\n<h2 class=\"wp-block-heading\">La dura recuperaci\u00f3n del c\u00e1mara<\/h2>\n\n<p>Tras ser golpeado, Pete Stendel cay\u00f3 hacia atr\u00e1s e instintivamente se agarr\u00f3 la cabeza. El juego se interrumpi\u00f3 durante unos 15 minutos mientras recib\u00eda atenci\u00f3n m\u00e9dica. Posteriormente, fue retirado del campo en un carro y no ha vuelto al trabajo desde el incidente.<\/p>\n\n<p>En medio de la inquietud y preocupaci\u00f3n de los jugadores tanto de <a href=\"https:\/\/pinstripesnation.com\/\">los Yankees<\/a> como de los Orioles, el personal m\u00e9dico atendi\u00f3 con esmero a Pete Stendel. Lo sujetaron con cuidado a una camilla y lo subieron a un cami\u00f3n que avanzaba lentamente por la polvorienta pista. A pesar del intenso dolor y la conmoci\u00f3n provocados por el incidente, Pete Stendel se dio cuenta de que probablemente hab\u00eda muchos ni\u00f1os entre el p\u00fablico aquella noche. No quer\u00eda que su recuerdo perdurable del parque de b\u00e9isbol fuera un suceso tr\u00e1gico. Con esta idea en mente, levant\u00f3 la mano derecha, ofreciendo un signo de la paz, seguido del s\u00edmbolo \u00abhang loose\u00bb (un gui\u00f1o a su pasi\u00f3n por el surf). El p\u00fablico respondi\u00f3 con aplausos entusiastas y empez\u00f3 a corear \u00abMVP\u00bb.<\/p>\n\n<figure class=\"wp-block-image size-large\"><img decoding=\"async\" width=\"1200\" height=\"759\" src=\"https:\/\/pinstripesnation.com\/wp-content\/uploads\/2023\/08\/20230704NYYVBAL1193RSA-1-1-1200x759.jpg\" alt=\"El camar&#xF3;grafo Pete Stendel, golpeado en la cabeza por un lanzamiento el 5 de julio de 2023, en el Yankee Stadium.\" class=\"wp-image-65604\" srcset=\"https:\/\/pinstripesnation.com\/wp-content\/uploads\/2023\/08\/20230704NYYVBAL1193RSA-1-1-1200x759.jpg 1200w, https:\/\/pinstripesnation.com\/wp-content\/uploads\/2023\/08\/20230704NYYVBAL1193RSA-1-1-300x190.jpg 300w, https:\/\/pinstripesnation.com\/wp-content\/uploads\/2023\/08\/20230704NYYVBAL1193RSA-1-1-768x486.jpg 768w, https:\/\/pinstripesnation.com\/wp-content\/uploads\/2023\/08\/20230704NYYVBAL1193RSA-1-1-120x76.jpg 120w, https:\/\/pinstripesnation.com\/wp-content\/uploads\/2023\/08\/20230704NYYVBAL1193RSA-1-1-1024x647.jpg 1024w, https:\/\/pinstripesnation.com\/wp-content\/uploads\/2023\/08\/20230704NYYVBAL1193RSA-1-1.jpg 1300w\" sizes=\"(max-width: 1200px) 100vw, 1200px\" \/><\/figure>\n\n<p>El camino hacia la recuperaci\u00f3n ha resultado excepcionalmente dif\u00edcil para Pete Stendel, devoto padre de dos hijos y casado. Aun as\u00ed, se enorgullece de haber recibido una ovaci\u00f3n en el Yankee Stadium, un honor que pocos pueden reclamar. Sin embargo, espera que nadie m\u00e1s tenga que pasar por la misma angustiosa experiencia.<\/p>\n\n<p>Agradeci\u00f3 que no fuera necesaria la cirug\u00eda para reparar su hueso orbital. Sin embargo, le cost\u00f3 abrir el ojo y sufri\u00f3 una conmoci\u00f3n cerebral que le hizo sentirse mucho mayor que sus a\u00f1os.<\/p>\n\n<p>La operaci\u00f3n para tratar su c\u00e1ncer de pr\u00f3stata complic\u00f3 a\u00fan m\u00e1s las cosas. Pete Stendel pas\u00f3 la mayor parte del tiempo en el sof\u00e1 o en la cama mientras se recuperaba, un marcado contraste con su papel habitual en medio de la acci\u00f3n.<\/p>\n\n<p>En enero, los m\u00e9dicos detectaron un c\u00e1ncer de pr\u00f3stata en fase inicial gracias a la prueba del ant\u00edgeno prost\u00e1tico espec\u00edfico de Pete Stendel, que mostraba unos niveles superiores a los normales. Se guardaba esta informaci\u00f3n para s\u00ed mismo, pues no quer\u00eda preocupar a sus allegados. Un mes m\u00e1s tarde, se enter\u00f3 de que el c\u00e1ncer se estaba extendiendo r\u00e1pidamente, lo que le llev\u00f3 a optar por la cirug\u00eda para la extirpaci\u00f3n de la pr\u00f3stata.<\/p>\n\n<p>Pete Stendel ten\u00eda previsto operarse el 24 de julio y tomarse un mes de baja para recuperarse. Sin embargo, s\u00f3lo 19 d\u00edas antes de la operaci\u00f3n, la c\u00e1mara que utilizaba habitualmente en el Yankee Stadium se sobrecalent\u00f3 y dej\u00f3 de funcionar. Sus supervisores le dieron dos opciones: irse a casa o compartir las tareas de c\u00e1mara con sus colegas para dar un respiro a sus ojos. Pete Stendel decidi\u00f3 asistir brevemente, con la intenci\u00f3n de volver a su puesto original. Fue durante este breve periodo cuando recibi\u00f3 un golpe en la cabeza.<\/p>\n\n<p>Mientras la gente, incluidos Michael Kay y Costas, rezaba por \u00e9l y se maravillaba de su resistencia a pesar de la fractura de cr\u00e1neo, ignoraba otro reto al que se enfrentaba: el diagn\u00f3stico de c\u00e1ncer. Pete Stendel decidi\u00f3 compartir con <a href=\"https:\/\/theathletic.com\/4784727\/2023\/08\/18\/yankees-cameraman-pete-stendel-injury\/\" target=\"_blank\" rel=\"noreferrer noopener\">The<\/a> Athletic su diagn\u00f3stico de c\u00e1ncer de pr\u00f3stata, con la esperanza de concienciar sobre la enfermedad.<\/p>\n\n<figure class=\"wp-block-image size-large\"><img decoding=\"async\" width=\"1200\" height=\"628\" src=\"https:\/\/pinstripesnation.com\/wp-content\/uploads\/2023\/09\/bb-Amit-1200x628.jpg\" alt=\"\" class=\"wp-image-68544\" srcset=\"https:\/\/pinstripesnation.com\/wp-content\/uploads\/2023\/09\/bb-Amit.bmp 1200w, https:\/\/pinstripesnation.com\/wp-content\/uploads\/2023\/09\/bb-Amit-300x157.jpg 300w, https:\/\/pinstripesnation.com\/wp-content\/uploads\/2023\/09\/bb-Amit-768x402.jpg 768w, https:\/\/pinstripesnation.com\/wp-content\/uploads\/2023\/09\/bb-Amit-120x63.jpg 120w, https:\/\/pinstripesnation.com\/wp-content\/uploads\/2023\/09\/bb-Amit-1024x536.jpg 1024w, https:\/\/pinstripesnation.com\/wp-content\/uploads\/2023\/09\/bb-Amit-1536x804.jpg 1536w, https:\/\/pinstripesnation.com\/wp-content\/uploads\/2023\/09\/bb-Amit-1320x691.jpg 1320w, https:\/\/pinstripesnation.com\/wp-content\/uploads\/2023\/09\/bb-Amit-600x314.jpg 600w\" sizes=\"(max-width: 1200px) 100vw, 1200px\" \/><\/figure>\n\n<p>A pesar de su lesi\u00f3n ocular, Pete Stendel se someti\u00f3 con \u00e9xito a una prostatectom\u00eda para extirpar el c\u00e1ncer de su cuerpo. Aunque en un principio hab\u00eda previsto una breve interrupci\u00f3n del trabajo, la realidad fue una ausencia mucho m\u00e1s prolongada.<\/p>\n\n<p>La p\u00e1gina GoFundMe creada por su amigo Tommy Hanlon result\u00f3 decisiva, ya que recaud\u00f3 m\u00e1s de 25.000 d\u00f3lares procedentes de 274 donaciones distintas. Tras el incidente, YES Network indemniz\u00f3 a Pete Stendel por los dos partidos siguientes que ten\u00eda previsto cubrir. Sin embargo, como trabajador aut\u00f3nomo, no ten\u00eda m\u00e1s partidos programados despu\u00e9s de esos dos.<\/p>\n\n<p>\u00bfQu\u00e9 te parece?\nDeja tu comentario a continuaci\u00f3n. <\/p>\n","protected":false},"excerpt":{"rendered":"<p>El valiente c\u00e1mara de YES Network Pete Stendel, que fue golpeado en la cabeza por un lanzamiento involuntario a principios de verano en el Yankee Stadium, volvi\u00f3 a trabajar en el mismo estadio dos meses despu\u00e9s. Tras un espantoso incidente en julio que le dej\u00f3 una lesi\u00f3n orbital y una conmoci\u00f3n cerebral, Pete Stendel volvi\u00f3 [&hellip;]<\/p>\n","protected":false},"author":43,"featured_media":68547,"comment_status":"open","ping_status":"closed","sticky":false,"template":"","format":"standard","meta":{"_acf_changed":false,"jnews-multi-image_gallery":[],"jnews_single_post":[],"jnews_primary_category":[],"jnews_social_meta":[],"jnews_review":[],"enable_review":"","type":"","name":"","summary":"","brand":"","sku":"","good":[],"bad":[],"score_override":"","override_value":"","rating":[],"price":[],"jnews_override_counter":[],"jnews_post_split":[],"footnotes":""},"categories":[897],"tags":[1317,980],"class_list":["post-68553","post","type-post","status-publish","format-standard","has-post-thumbnail","hentry","category-noticias","tag-camarografo-del-yankee-stadium","tag-pete-stendel-es"],"acf":[],"_links":{"self":[{"href":"https:\/\/pinstripesnation.com\/es\/wp-json\/wp\/v2\/posts\/68553","targetHints":{"allow":["GET"]}}],"collection":[{"href":"https:\/\/pinstripesnation.com\/es\/wp-json\/wp\/v2\/posts"}],"about":[{"href":"https:\/\/pinstripesnation.com\/es\/wp-json\/wp\/v2\/types\/post"}],"author":[{"embeddable":true,"href":"https:\/\/pinstripesnation.com\/es\/wp-json\/wp\/v2\/users\/43"}],"replies":[{"embeddable":true,"href":"https:\/\/pinstripesnation.com\/es\/wp-json\/wp\/v2\/comments?post=68553"}],"version-history":[{"count":0,"href":"https:\/\/pinstripesnation.com\/es\/wp-json\/wp\/v2\/posts\/68553\/revisions"}],"wp:featuredmedia":[{"embeddable":true,"href":"https:\/\/pinstripesnation.com\/es\/wp-json\/wp\/v2\/media\/68547"}],"wp:attachment":[{"href":"https:\/\/pinstripesnation.com\/es\/wp-json\/wp\/v2\/media?parent=68553"}],"wp:term":[{"taxonomy":"category","embeddable":true,"href":"https:\/\/pinstripesnation.com\/es\/wp-json\/wp\/v2\/categories?post=68553"},{"taxonomy":"post_tag","embeddable":true,"href":"https:\/\/pinstripesnation.com\/es\/wp-json\/wp\/v2\/tags?post=68553"}],"curies":[{"name":"wp","href":"https:\/\/api.w.org\/{rel}","templated":true}]}}