{"id":216633,"date":"2025-08-12T06:37:26","date_gmt":"2025-08-12T10:37:26","guid":{"rendered":"https:\/\/pinstripesnation.com\/actualizacion-de-lesiones-en-los-yankees-cole-da-el-primer-paso-hacia-su-regreso-judge-sigue-en-peligro\/"},"modified":"2026-03-20T11:21:50","modified_gmt":"2026-03-20T15:21:50","slug":"actualizacion-de-lesiones-en-los-yankees-cole-da-el-primer-paso-hacia-su-regreso-judge-sigue-en-peligro","status":"publish","type":"post","link":"https:\/\/pinstripesnation.com\/es\/actualizacion-de-lesiones-en-los-yankees-cole-da-el-primer-paso-hacia-su-regreso-judge-sigue-en-peligro\/","title":{"rendered":"Actualizaci\u00f3n de lesiones en los Yankees: Cole da el primer paso hacia su regreso, Judge sigue en peligro"},"content":{"rendered":"\n<p>NUEVA YORK &#8211; <a href=\"https:\/\/pinstripesnation.com\/player\/gerrit-cole\/\">Gerrit Cole <\/a>entr\u00f3 el lunes en una fase clave de su recuperaci\u00f3n de la operaci\u00f3n Tommy John, dando a los Yankees de Nueva York un bienvenido impulso mientras siguen navegando por una abarrotada lista de lesionados.<\/p>\n\n<p>El <a href=\"https:\/\/pinstripesnation.com\/es\/la-corona-de-cole-el-ganador-del-cy-young-de-la-al-de-2023-consolida-su-condicion-de-as-de-los-yankees\/\">ganador del premio AL Cy Young 2023<\/a> y seis veces All-Star comenz\u00f3 su programa de lanzamientos antes de que los Yankees abrieran su serie de tres partidos contra los Mellizos de Minnesota con una victoria por 6-2 en el Yankee Stadium. Cole realiz\u00f3 20 lanzamientos en terreno llano en su primera sesi\u00f3n de lanzamientos desde la operaci\u00f3n. <\/p>\n\n<blockquote class=\"wp-block-quote is-layout-flow wp-block-quote-is-layout-flow\">\n<p>\u00abHoy me he sentido muy bien. He sido bastante preciso y me lo he pasado bien\u00bb, dijo Cole. \u00abEs un gran d\u00eda, el primer d\u00eda de lanzamiento. Llevo unas semanas prepar\u00e1ndolo, as\u00ed que est\u00e1 bien salir a la calle, hacerlo y que salga bien\u00bb. <\/p>\n<\/blockquote>\n\n<p>El as de los Yankees, de 34 a\u00f1os, se someti\u00f3 a una operaci\u00f3n el 11 de marzo para reparar una rotura de ligamentos en el codo derecho tras dos partidos de entrenamiento de primavera. Realizada por el Dr. Neal ElAttrache en Los \u00c1ngeles, la intervenci\u00f3n incluy\u00f3 una f\u00e9rula interna dise\u00f1ada para acelerar el tiempo est\u00e1ndar de recuperaci\u00f3n. <\/p>\n<div class=\"wp-block-image\">\n<figure class=\"aligncenter size-full\"><img fetchpriority=\"high\" decoding=\"async\" width=\"1200\" height=\"797\" src=\"https:\/\/pinstripesnation.com\/wp-content\/uploads\/2025\/05\/gerrit-cole-new-york-yankees-19.jpg\" alt=\"Yankees ' estrella Gerrit Cole en 2025\" class=\"wp-image-205677\" srcset=\"https:\/\/pinstripesnation.com\/wp-content\/uploads\/2025\/05\/gerrit-cole-new-york-yankees-19.jpg 1200w, https:\/\/pinstripesnation.com\/wp-content\/uploads\/2025\/05\/gerrit-cole-new-york-yankees-19-300x199.jpg 300w, https:\/\/pinstripesnation.com\/wp-content\/uploads\/2025\/05\/gerrit-cole-new-york-yankees-19-768x510.jpg 768w, https:\/\/pinstripesnation.com\/wp-content\/uploads\/2025\/05\/gerrit-cole-new-york-yankees-19-120x80.jpg 120w, https:\/\/pinstripesnation.com\/wp-content\/uploads\/2025\/05\/gerrit-cole-new-york-yankees-19-1024x680.jpg 1024w\" sizes=\"(max-width: 1200px) 100vw, 1200px\" \/><figcaption class=\"wp-element-caption\">NYP<\/figcaption><\/figure>\n<\/div>\n<p>El m\u00e1nager de los Yankees, Aaron Boone, calific\u00f3 el trabajo del lunes como \u00abuna de esas marcas geniales a lo largo del camino que es importante alcanzar\u00bb y elogi\u00f3 el esfuerzo de rehabilitaci\u00f3n de Cole. El siguiente paso importante de Cole ser\u00e1 lanzar desde un mont\u00edculo, algo que espera hacer antes de que acabe el a\u00f1o. Despu\u00e9s tiene previsto dejar de lanzar y entrar en su programa de entrenamiento de temporada baja en California.  <\/p>\n\n<blockquote class=\"wp-block-quote is-layout-flow wp-block-quote-is-layout-flow\">\n<p>\u00abTenemos una buena configuraci\u00f3n en California y una buena comunicaci\u00f3n\u00bb, dijo Cole. \u00abPuedo subir mi programa de lanzamientos a la plataforma, as\u00ed que pr\u00e1cticamente hablamos todos los d\u00edas\u00bb. <\/p>\n<\/blockquote>\n\n<p>Cole tiene como objetivo volver a mediados de mayo de 2026, estimando un plazo de recuperaci\u00f3n de 14 meses.<\/p>\n\n<h2 class=\"wp-block-heading\">Aaron Judge sigue fuera del campo<\/h2>\n\n<p>Boone confirm\u00f3 que <a href=\"https:\/\/pinstripesnation.com\/es\/aaron-judge-el-extraordinario-bateador-de-los-yankees-capitan-all-rise-bateador-record\/\">Aaron Judge<\/a> no jugar\u00e1 en el campo durante la serie de los Twins, ya que sigue <a href=\"https:\/\/pinstripesnation.com\/yankees-sit-aaron-judge-due-to-elbow-injury-vs-phillies-how-serious-is-it-2025-07-26\/\">tratando un problema en el codo<\/a>. El capit\u00e1n de los Yankees podr\u00eda volver a jugar en defensa poco despu\u00e9s, pero por ahora sigue limitado a las funciones de bateador designado. <\/p>\n\n<h2 class=\"wp-block-heading\">Fernando Cruz a punto de volver<\/h2>\n\n<p>El relevista <a href=\"https:\/\/pinstripesnation.com\/es\/quien-es-fernando-cruz-el-relevista-de-alto-octanaje-que-los-yankees-consiguieron-en-el-traspaso-de-trevino\/\">Fernando Cruz<\/a>, de baja desde finales de junio por una <a href=\"https:\/\/pinstripesnation.com\/boone-confirms-cruz-injury-yankees-turn-to-headrick-2025-05-22\/\">distensi\u00f3n de alto grado en el oblicuo<\/a> derecho, tiene previsto iniciar una misi\u00f3n de rehabilitaci\u00f3n el jueves con el Somerset de Doble A. Volver\u00e1 a lanzar el domingo y el pr\u00f3ximo martes antes de ser posiblemente activado. El relevista de los Yankees lanz\u00f3 19 lanzamientos en una sesi\u00f3n de pr\u00e1ctica de bateo en vivo el domingo que Boone dijo que \u00abfue bien\u00bb.  <\/p>\n\n<h2 class=\"wp-block-heading\">Ryan Yarbrough listo para empezar la rehabilitaci\u00f3n<\/h2>\n\n<p>El zurdo <a href=\"https:\/\/www.baseball-reference.com\/players\/y\/yarbrry01.shtml\" target=\"_blank\" rel=\"noopener\">Ryan Yarbrough<\/a>, apartado de los terrenos de juego desde el 20 de junio por una <a href=\"https:\/\/pinstripesnation.com\/es\/los-yankees-pierden-a-ryan-yarbrough-por-lesion-el-novato-recibe-la-segunda-llamada\/\">distensi\u00f3n leve en el oblicuo derecho<\/a>, comenzar\u00e1 el jueves una misi\u00f3n de rehabilitaci\u00f3n, probablemente en Triple-A Scranton\/Wilkes-Barre. Yarbrough lanz\u00f3 una sesi\u00f3n de pr\u00e1ctica de bateo en vivo de dos entradas durante el fin de semana. Los Yankees a\u00fan no han decidido si lo extender\u00e1n como titular o lo traer\u00e1n de vuelta como relevista largo.  <\/p>\n\n<blockquote class=\"wp-block-quote is-layout-flow wp-block-quote-is-layout-flow\">\n<p>\u00abCon Yarbrough, s\u00f3lo depende de cu\u00e1nto queramos reforzarle\u00bb, dijo Boone. \u00ab\u00bfCu\u00e1ndo lo cogemos? \u00bfSeguimos fortaleci\u00e9ndolo? Veremos a qu\u00e9 nos enfrentamos, c\u00f3mo le va\u00bb. <\/p>\n<\/blockquote>\n\n<h2 class=\"wp-block-heading\">Jonathan Loaisiga progresa<\/h2>\n\n<p>El diestro <a href=\"https:\/\/pinstripesnation.com\/player\/jonathan-loaisiga\/\">Jonathan Loaisiga<\/a>, incluido en la lista de lesionados el 2 de agosto por <a href=\"https:\/\/pinstripesnation.com\/es\/es-probable-que-jonathan-loaisiga-de-los-yankees-empiece-la-temporada-en-la-lista-de-lesionados\/\">una contractura en la parte media de la espalda<\/a>, ha estado lanzando sin dolor y realizar\u00e1 una sesi\u00f3n en el bullpen a finales de esta semana. Espera volver en unos 10 d\u00edas, aunque esto podr\u00eda ampliarse si los Yankees optan por enviarle a una breve misi\u00f3n de rehabilitaci\u00f3n. <\/p>\n\n<h2 class=\"wp-block-heading\">Clarke Schmidt se enfrenta a una larga recuperaci\u00f3n<\/h2>\n\n<p>El titular <a href=\"https:\/\/pinstripesnation.com\/es\/los-yankees-se-enfrentan-a-una-crisis-unica-al-aumentar-la-preocupacion-por-la-lesion-de-schmidt\/\">Clarke Schmidt sigue de baja esta temporada<\/a> tras someterse a una operaci\u00f3n Tommy John el 11 de julio. Los m\u00e9dicos le insertaron un cors\u00e9 interno en lugar de realizar una reconstrucci\u00f3n completa, lo que podr\u00eda acortar su recuperaci\u00f3n de los 18 meses t\u00edpicos a 11-13 meses. El lanzador de los Yankees lleva en la IL desde el 4 de julio.  <\/p>\n\n<h2 class=\"wp-block-heading\">Jake Cousins en fase inicial de rehabilitaci\u00f3n<\/h2>\n\n<p>El relevista Jake Cousins, que se recupera de una operaci\u00f3n Tommy John realizada el 19 de junio, permanece en la IL de 60 d\u00edas. Se espera que el lanzador de relevo de los Yankees comience un programa de lanzamientos a finales de octubre o principios de noviembre si su progreso sigue por buen camino. <\/p>\n\n<h2 class=\"wp-block-heading\">Amed Rosario apunta a un r\u00e1pido regreso<\/h2>\n\n<p>El utillero <a href=\"https:\/\/pinstripesnation.com\/es\/category\/noticias\/amed-rosario-es\/\">Amed Rosario<\/a>, incluido en la IL de 10 d\u00edas el 9 de agosto con un esguince de la articulaci\u00f3n AC izquierda, tiene como objetivo volver cuando sea elegible por primera vez el 19 de agosto. El nuevo fichaje de los Yankees <a href=\"https:\/\/pinstripesnation.com\/es\/actualizacion-de-lesiones-en-los-yankees-la-segunda-incorporacion-del-plazo-de-traspasos-va-a-la-lista-de-lesionados\/\">se lesion\u00f3 al<\/a> chocar contra el muro del jard\u00edn derecho mientras persegu\u00eda una bola suelta. <\/p>\n\n<blockquote class=\"wp-block-quote is-layout-flow wp-block-quote-is-layout-flow\">\n<p>\u00abEmpec\u00e9 a correr muy deprisa para atrapar esa pelota, no calcul\u00e9 bien la distancia y entonces me di un fuerte golpe contra la pared\u00bb, dijo Rosario.<\/p>\n<\/blockquote>\n\n<h2 class=\"wp-block-heading\">Austin Slater apartado hasta septiembre<\/h2>\n\n<p>Se espera que el jardinero <a href=\"https:\/\/pinstripesnation.com\/es\/quien-es-austin-slater-los-yankees-incorporan-a-un-jardinero-de-chicago-antes-de-la-fecha-limite-de-traspasos\/\">Austin Slater<\/a>, de baja desde el 5 de agosto por una distensi\u00f3n en el isquiotibial izquierdo, se pierda entre 4 y 6 semanas. Su regreso est\u00e1 previsto para principios o mediados de septiembre. <\/p>\n\n<h2 class=\"wp-block-heading\">Oswaldo Cabrera, baja para toda la temporada<\/h2>\n\n<p>El jugador de cuadro Oswaldo Cabrera permanece en la lista de 60 d\u00edas de baja despu\u00e9s de que el 15 de mayo le operaran de <a href=\"https:\/\/pinstripesnation.com\/how-bad-is-oswaldo-cabreras-ankle-injury-yankees-utility-star-faces-long-road-back-2025-05-16\/\">una fractura en el tobillo izquierdo<\/a>. Se espera que vuelva en 2026. <\/p>\n\n<h2 class=\"wp-block-heading\">Los Yankees siguen dominando a los Twins<\/h2>\n\n<p>La victoria del lunes ampli\u00f3 el dominio de los Yankees sobre Minnesota. Desde 2002, Nueva York lleva 107-42 contra los Mellizos en la temporada regular, la mejor marca de cualquier equipo contra otro de su misma liga durante ese periodo. Incluyendo los partidos de postemporada, los <a href=\"https:\/\/pinstripesnation.com\/es\/\">Yankees<\/a> tienen un balance de 123-44 en este enfrentamiento y han ganado siete partidos seguidos.  <\/p>\n\n<p>\u00bfQu\u00e9 le parece? Deje su comentario a continuaci\u00f3n. <\/p>\n","protected":false},"excerpt":{"rendered":"<p>NUEVA YORK &#8211; Gerrit Cole entr\u00f3 el lunes en una fase clave de su recuperaci\u00f3n de la operaci\u00f3n Tommy John, dando a los Yankees de Nueva York un bienvenido impulso mientras siguen navegando por una abarrotada lista de lesionados. El ganador del premio AL Cy Young 2023 y seis veces All-Star comenz\u00f3 su programa de [&hellip;]<\/p>\n","protected":false},"author":161,"featured_media":216592,"comment_status":"open","ping_status":"closed","sticky":false,"template":"","format":"standard","meta":{"_acf_changed":false,"jnews-multi-image_gallery":[],"jnews_single_post":[],"jnews_primary_category":[],"jnews_social_meta":[],"jnews_review":[],"enable_review":"","type":"","name":"","summary":"","brand":"","sku":"","good":[],"bad":[],"score_override":"","override_value":"","rating":[],"price":[],"jnews_override_counter":[],"jnews_post_split":[],"footnotes":""},"categories":[1889,5268,2249,3191,2246,2274,897,2369],"tags":[787,1194,4629,5280,5281,816,3188,806,2665,5093,968,2627,3480,829,2753],"class_list":["post-216633","post","type-post","status-publish","format-standard","has-post-thumbnail","hentry","category-aaron-judge-es","category-amed-rosario-es","category-clarke-schmidt-es","category-fernando-cruz-es","category-gerrit-cole-es","category-jonathan-loaisiga-es","category-noticias","category-oswaldo-cabrera-es","tag-aaron-juez","tag-actualizacion-de-lesiones-en-los-yankees","tag-amed-rosario-es","tag-austin-slater-es","tag-cirugia-tommy-john","tag-clarke-schmidt-es","tag-fernando-cruz-es","tag-gerrit-cole-es","tag-jonathan-loaisiga-es-2","tag-noticias-mlb","tag-oswaldo-cabrera-es","tag-primos-jake","tag-ryan-yarbrough-es","tag-yankees-de-nueva-york","tag-yankees-vs-twins-es-2"],"acf":[],"_links":{"self":[{"href":"https:\/\/pinstripesnation.com\/es\/wp-json\/wp\/v2\/posts\/216633","targetHints":{"allow":["GET"]}}],"collection":[{"href":"https:\/\/pinstripesnation.com\/es\/wp-json\/wp\/v2\/posts"}],"about":[{"href":"https:\/\/pinstripesnation.com\/es\/wp-json\/wp\/v2\/types\/post"}],"author":[{"embeddable":true,"href":"https:\/\/pinstripesnation.com\/es\/wp-json\/wp\/v2\/users\/161"}],"replies":[{"embeddable":true,"href":"https:\/\/pinstripesnation.com\/es\/wp-json\/wp\/v2\/comments?post=216633"}],"version-history":[{"count":1,"href":"https:\/\/pinstripesnation.com\/es\/wp-json\/wp\/v2\/posts\/216633\/revisions"}],"predecessor-version":[{"id":230062,"href":"https:\/\/pinstripesnation.com\/es\/wp-json\/wp\/v2\/posts\/216633\/revisions\/230062"}],"wp:featuredmedia":[{"embeddable":true,"href":"https:\/\/pinstripesnation.com\/es\/wp-json\/wp\/v2\/media\/216592"}],"wp:attachment":[{"href":"https:\/\/pinstripesnation.com\/es\/wp-json\/wp\/v2\/media?parent=216633"}],"wp:term":[{"taxonomy":"category","embeddable":true,"href":"https:\/\/pinstripesnation.com\/es\/wp-json\/wp\/v2\/categories?post=216633"},{"taxonomy":"post_tag","embeddable":true,"href":"https:\/\/pinstripesnation.com\/es\/wp-json\/wp\/v2\/tags?post=216633"}],"curies":[{"name":"wp","href":"https:\/\/api.w.org\/{rel}","templated":true}]}}