{"id":199550,"date":"2025-03-08T15:14:05","date_gmt":"2025-03-08T20:14:05","guid":{"rendered":"https:\/\/pinstripesnation.com\/estoy-preocupado-gerrit-cole-de-los-yankees-teme-operarse-del-codo-tras-el-susto-de-la-lesion\/"},"modified":"2025-03-09T06:57:51","modified_gmt":"2025-03-09T10:57:51","slug":"estoy-preocupado-gerrit-cole-de-los-yankees-teme-operarse-del-codo-tras-el-susto-de-la-lesion","status":"publish","type":"post","link":"https:\/\/pinstripesnation.com\/es\/estoy-preocupado-gerrit-cole-de-los-yankees-teme-operarse-del-codo-tras-el-susto-de-la-lesion\/","title":{"rendered":"Estoy preocupado Gerrit Cole, de los Yankees, teme operarse del codo tras el susto de la lesi\u00f3n"},"content":{"rendered":"\n<p>El as de <a href=\"http:\/\/pinstripesnation.com\">los Yankees <\/a>, Gerrit Cole, se <a href=\"https:\/\/sny.tv\/articles\/yankees-gerrit-cole-concerned-mri-elbow-second-opinions-report\" target=\"_blank\" rel=\"noopener\">mostr\u00f3 preocupado<\/a> el s\u00e1bado por su lesi\u00f3n en el codo, admitiendo que \u00abespera lo mejor\u00bb, pero reconociendo la gravedad de la situaci\u00f3n. El actual ganador del Cy Young de la Liga Americana revel\u00f3 que las im\u00e1genes tomadas el viernes por la noche proporcionaron una evaluaci\u00f3n inicial, pero est\u00e1 a la espera de m\u00e1s evaluaciones antes de decidir los pr\u00f3ximos pasos. <\/p>\n\n<p>Preguntado por la posibilidad de operarse del mismo codo que le dej\u00f3 fuera de juego durante gran parte de la primera mitad de la temporada pasada, Cole no descart\u00f3 la preocupaci\u00f3n. \u00abEstoy preocupado\u00bb, dijo. \u00abEs alarmante\u00bb.  <\/p>\n\n<p>Los Yankees, que ya ten\u00edan problemas de lesiones, se enfrentan ahora a la posibilidad de perder a su principal titular durante un largo periodo. La primavera pasada, a Cole se le diagnostic\u00f3 una inflamaci\u00f3n del nervio del codo y un edema tras su primera salida, lo que retras\u00f3 su debut en la temporada hasta junio. Consigui\u00f3 volver y ser titular en 17 partidos antes de liderar el empuje de los Yankees en la postemporada.  <\/p>\n\n<p>Ahora, con otro problema en el codo surgido en los entrenamientos de primavera, el panorama es incierto. Para agravar las dificultades del equipo, el diestro Luis Gil -que se esperaba que fuera una pieza clave de la rotaci\u00f3n- ha sido apartado recientemente por una distensi\u00f3n de grado alto en el ligamento lateral, lo que le ha dejado fuera al menos hasta mediados de temporada. <\/p>\n\n<h2 class=\"wp-block-heading\">La rotaci\u00f3n de los Yankees se enfrenta a la incertidumbre<\/h2>\n\n<figure class=\"wp-block-image size-full\"><img fetchpriority=\"high\" decoding=\"async\" width=\"1200\" height=\"801\" src=\"https:\/\/pinstripesnation.com\/wp-content\/uploads\/2025\/03\/gerrit-cole-new-york-yankees-17.jpg\" alt=\"\" class=\"wp-image-199547\" srcset=\"https:\/\/pinstripesnation.com\/wp-content\/uploads\/2025\/03\/gerrit-cole-new-york-yankees-17.jpg 1200w, https:\/\/pinstripesnation.com\/wp-content\/uploads\/2025\/03\/gerrit-cole-new-york-yankees-17-300x200.jpg 300w, https:\/\/pinstripesnation.com\/wp-content\/uploads\/2025\/03\/gerrit-cole-new-york-yankees-17-768x513.jpg 768w, https:\/\/pinstripesnation.com\/wp-content\/uploads\/2025\/03\/gerrit-cole-new-york-yankees-17-120x80.jpg 120w, https:\/\/pinstripesnation.com\/wp-content\/uploads\/2025\/03\/gerrit-cole-new-york-yankees-17-1024x683.jpg 1024w\" sizes=\"(max-width: 1200px) 100vw, 1200px\" \/><\/figure>\n\n<p>La \u00faltima lesi\u00f3n de Cole surgi\u00f3 tras su segundo partido de primavera, el jueves contra los Mellizos, en el que permiti\u00f3 seis carreras en 2 2\/3 entradas. A pesar de haber aumentado su n\u00famero de lanzamientos a 54, Cole se hab\u00eda mostrado satisfecho con su velocidad -su bola r\u00e1pida alcanz\u00f3 una media de 95,7 mph, con un m\u00e1ximo de 97,6 mph-, pero admiti\u00f3 que su control no era el adecuado. <\/p>\n\n<blockquote class=\"wp-block-quote is-layout-flow wp-block-quote-is-layout-flow\">\n<p>Al principio se encontraba bien despu\u00e9s del partido, pero m\u00e1s tarde empez\u00f3 a sentir molestias. \u00abCuando llegu\u00e9 a casa, cada vez me dol\u00eda m\u00e1s\u00bb, dijo Cole. \u00abAlgo no iba bien&#8230; Fue dif\u00edcil dormir. Fue alarmante a la ma\u00f1ana siguiente\u00bb.  <\/p>\n<\/blockquote>\n\n<p>El contratiempo se produce tras una temporada baja en la que Cole y los Yankees ajustaron su programa de lanzamientos, comenzando a trabajar antes de lo habitual en noviembre. \u00abIdeamos un plan para mitigar los riesgos, y lo ejecut\u00e9\u00bb, dijo. \u00abMe sent\u00ed lo mejor que hab\u00eda estado en alg\u00fan tiempo antes de [to the last start].\u00bb  <\/p>\n\n<p>Si Cole se ve obligado a ausentarse, los Yankees probablemente recurrir\u00e1n a Will Warren, mientras que Marcus Stroman -fichado en la temporada baja- ya ha sido desplazado a la rotaci\u00f3n para compensar la ausencia de Gil. Clarke Schmidt reconoci\u00f3 el reto que se avecina. \u00abEs muy duro\u00bb, dijo. \u00abNo hay forma de endulzarlo. Es un tipo de los mejores de la liga\u00bb.   <\/p>\n\n<p>El incierto estado de Cole se suma a la creciente lista de lesiones que preocupan a los Yankees. Giancarlo Stanton (codo) y DJ LeMahieu (pantorrilla) tambi\u00e9n est\u00e1n fuera, mientras que los brazos Jake Cousins (antebrazo) y Tyler Matzek (oblicuo) est\u00e1n de baja. <\/p>\n\n<p>Tras rescindir su contrato en la temporada baja, Cole acab\u00f3 volviendo a los Yankees cuando el equipo se neg\u00f3 a ampliar su contrato. Ahora, con cuatro a\u00f1os y 144 millones de d\u00f3lares restantes, su futuro inmediato pende de un hilo. <\/p>\n\n<p>A pesar de la incertidumbre, Cole mantiene la esperanza. \u00abTodav\u00eda tengo esperanzas\u00bb, dijo. \u00abTe arriesgas todos los a\u00f1os. Es duro\u00bb.  <\/p>\n\n<p>\u00bfQu\u00e9 le parece? Deje su comentario a continuaci\u00f3n. <\/p>\n\n<p><\/p>\n","protected":false},"excerpt":{"rendered":"<p>El as de los Yankees , Gerrit Cole, se mostr\u00f3 preocupado el s\u00e1bado por su lesi\u00f3n en el codo, admitiendo que \u00abespera lo mejor\u00bb, pero reconociendo la gravedad de la situaci\u00f3n. El actual ganador del Cy Young de la Liga Americana revel\u00f3 que las im\u00e1genes tomadas el viernes por la noche proporcionaron una evaluaci\u00f3n inicial, [&hellip;]<\/p>\n","protected":false},"author":141,"featured_media":199546,"comment_status":"open","ping_status":"closed","sticky":false,"template":"","format":"standard","meta":{"_acf_changed":false,"jnews-multi-image_gallery":[],"jnews_single_post":[],"jnews_primary_category":[],"jnews_social_meta":[],"jnews_review":[],"enable_review":"","type":"","name":"","summary":"","brand":"","sku":"","good":[],"bad":[],"score_override":"","override_value":"","rating":[],"price":[],"jnews_override_counter":[],"jnews_post_split":[],"footnotes":""},"categories":[2246,897],"tags":[],"class_list":["post-199550","post","type-post","status-publish","format-standard","has-post-thumbnail","hentry","category-gerrit-cole-es","category-noticias"],"acf":[],"_links":{"self":[{"href":"https:\/\/pinstripesnation.com\/es\/wp-json\/wp\/v2\/posts\/199550","targetHints":{"allow":["GET"]}}],"collection":[{"href":"https:\/\/pinstripesnation.com\/es\/wp-json\/wp\/v2\/posts"}],"about":[{"href":"https:\/\/pinstripesnation.com\/es\/wp-json\/wp\/v2\/types\/post"}],"author":[{"embeddable":true,"href":"https:\/\/pinstripesnation.com\/es\/wp-json\/wp\/v2\/users\/141"}],"replies":[{"embeddable":true,"href":"https:\/\/pinstripesnation.com\/es\/wp-json\/wp\/v2\/comments?post=199550"}],"version-history":[{"count":0,"href":"https:\/\/pinstripesnation.com\/es\/wp-json\/wp\/v2\/posts\/199550\/revisions"}],"wp:featuredmedia":[{"embeddable":true,"href":"https:\/\/pinstripesnation.com\/es\/wp-json\/wp\/v2\/media\/199546"}],"wp:attachment":[{"href":"https:\/\/pinstripesnation.com\/es\/wp-json\/wp\/v2\/media?parent=199550"}],"wp:term":[{"taxonomy":"category","embeddable":true,"href":"https:\/\/pinstripesnation.com\/es\/wp-json\/wp\/v2\/categories?post=199550"},{"taxonomy":"post_tag","embeddable":true,"href":"https:\/\/pinstripesnation.com\/es\/wp-json\/wp\/v2\/tags?post=199550"}],"curies":[{"name":"wp","href":"https:\/\/api.w.org\/{rel}","templated":true}]}}