{"id":182360,"date":"2024-10-30T18:49:18","date_gmt":"2024-10-30T22:49:18","guid":{"rendered":"https:\/\/pinstripesnation.com\/con-la-agencia-libre-en-ciernes-alex-verdugo-reflexiona-sobre-su-etapa-en-los-yankees-y-espera-quedarse\/"},"modified":"2024-12-29T11:02:00","modified_gmt":"2024-12-29T16:02:00","slug":"con-la-agencia-libre-en-ciernes-alex-verdugo-reflexiona-sobre-su-etapa-en-los-yankees-y-espera-quedarse","status":"publish","type":"post","link":"https:\/\/pinstripesnation.com\/es\/con-la-agencia-libre-en-ciernes-alex-verdugo-reflexiona-sobre-su-etapa-en-los-yankees-y-espera-quedarse\/","title":{"rendered":"Con la agencia libre en ciernes, Alex Verdugo reflexiona sobre su etapa en los Yankees y espera quedarse"},"content":{"rendered":"\n<p><a href=\"https:\/\/pinstripesnation.com\/es\/category\/noticias\/alex-verdugo-es\/\">Alex Verdugo<\/a>, a punto de llegar a la agencia libre este invierno, mantiene la esperanza de regresar a los <a href=\"https:\/\/pinstripesnation.com\/es\/\">Yankees de Nueva<\/a> York, donde<a href=\"https:\/\/www.amny.com\/sports\/alex-verdugo-stick-yankees-10-30-24\/\" target=\"_blank\" rel=\"noopener\">aspira a solidificar<\/a> su papel y mostrar su potencial m\u00e1s all\u00e1 de la defensa. El jardinero de 28 a\u00f1os ha expresado su entusiasmo por permanecer en el Bronx, destacando la camarader\u00eda \u00fanica del equipo y la conexi\u00f3n que ha sentido con sus compa\u00f1eros y los aficionados. <\/p>\n\n<p>\u00abHa sido mi equipo favorito para el que he jugado\u00bb, dijo Alex Verdugo antes del quinto partido de las Series Mundiales en el Yankee Stadium. \u00abCreo que habr\u00eda algunas cosas que, ya sabes, quiz\u00e1 alg\u00fan d\u00eda podamos volver; si no es el a\u00f1o que viene, quiz\u00e1 sea otro a\u00f1o\u00bb. Reflexionando sobre su actuaci\u00f3n, Verdugo a\u00f1adi\u00f3: \u00abMe gustar\u00eda volver y mostrar el tipo de jugador que soy realmente&#8230; Suelo ser mucho m\u00e1s constante\u00bb.  <\/p>\n\n<h2 class=\"wp-block-heading\">Por qu\u00e9 Alex Verdugo quiere demostrar que puede seguir con los Yankees<\/h2>\n\n<figure class=\"wp-block-image size-full\"><img fetchpriority=\"high\" decoding=\"async\" width=\"1200\" height=\"799\" src=\"https:\/\/pinstripesnation.com\/wp-content\/uploads\/2024\/10\/alex-verdugo-new-york-yankees-3-2.jpg\" alt=\"Los Yankees han confirmado que Alex Verdugo y Oswaldo Cabrera ser&#xE1;n titulares en el primer partido de la ALDS contra los Reales de Kansas City.\" class=\"wp-image-182283\" srcset=\"https:\/\/pinstripesnation.com\/wp-content\/uploads\/2024\/10\/alex-verdugo-new-york-yankees-3-2.jpg 1200w, https:\/\/pinstripesnation.com\/wp-content\/uploads\/2024\/10\/alex-verdugo-new-york-yankees-3-2-300x200.jpg 300w, https:\/\/pinstripesnation.com\/wp-content\/uploads\/2024\/10\/alex-verdugo-new-york-yankees-3-2-768x511.jpg 768w, https:\/\/pinstripesnation.com\/wp-content\/uploads\/2024\/10\/alex-verdugo-new-york-yankees-3-2-120x80.jpg 120w, https:\/\/pinstripesnation.com\/wp-content\/uploads\/2024\/10\/alex-verdugo-new-york-yankees-3-2-610x406.jpg 610w\" sizes=\"(max-width: 1200px) 100vw, 1200px\" \/><figcaption class=\"wp-element-caption\">NYP<\/figcaption><\/figure>\n\n<p>Este sentimiento llega tras la primera temporada de Verdugo con los Yankees, tras su traspaso desde los Medias Rojas de Boston. Tra\u00eddo para reforzar la defensa del campo exterior de los Yankees mientras<a href=\"https:\/\/pinstripesnation.com\/es\/category\/noticias\/jasson-dominguez-es\/\"> Jasson Dom\u00ednguez <\/a>se desarrollaba en las ligas menores, Verdugo ha cumplido las expectativas en ese sentido. Sus estad\u00edsticas defensivas le situaron en el percentil 77 en outs por encima de la media, en el 96 en valor del brazo y en el 94 en fuerza del brazo. Sin embargo, ofensivamente ha sido una temporada dif\u00edcil. Verdugo bate\u00f3 un .233, el m\u00ednimo de su carrera, con un OPS de .647, bate\u00f3 13 jonrones e impuls\u00f3 61 carreras en 149 partidos. Sus problemas, sobre todo al final de la temporada, le llevaron al banquillo al concluir la temporada regular.     <\/p>\n\n<blockquote class=\"wp-block-quote is-layout-flow wp-block-quote-is-layout-flow\">\n<p>Reconociendo el baj\u00f3n ofensivo, Alex Verdugo admiti\u00f3: \u00abS\u00e9 que no ha sido mi mejor a\u00f1o personal en ataque&#8230; es emocionante [to hit free agency], pero tener uno de los peores a\u00f1os de mi carrera ofensivamente es un fastidio\u00bb. A pesar de los obst\u00e1culos, Alex Verdugo sigue siendo optimista, expresando su determinaci\u00f3n de entrenar m\u00e1s duro esta temporada baja y recuperar su consistencia en el plato.<\/p>\n<\/blockquote>\n\n<p>Con los Yankees inmersos actualmente en una batalla por las Series Mundiales contra los Dodgers de Los \u00c1ngeles, los pensamientos de Alex Verdugo se desv\u00edan ocasionalmente hacia su incierto futuro. \u00abS\u00ed, todos tenemos [thought about our future], \u00bfverdad? Todos lo tenemos\u00bb, dijo. \u00abS\u00f3lo tengo que jugar como sea. Al fin y al cabo, estoy centrado en ganar unas Series Mundiales, en intentar ganar hoy y luego ganar la siguiente. Pase lo que pase, pasar\u00e1\u00bb.   <\/p>\n\n<p>La agencia libre de Alex Verdugo presenta una encrucijada. Si vuelve a firmar con los Yankees, tendr\u00e1 la oportunidad de demostrar su valor ofensivo y establecerse como colaborador principal a ambos lados de la pelota. Por ahora, su objetivo sigue siendo ayudar a los Yankees a superar su desventaja de 3-0 en <a href=\"https:\/\/en.wikipedia.org\/wiki\/World_Series\" target=\"_blank\" rel=\"noopener\">las Series Mundiales<\/a>, con la esperanza de dejar su huella en el Bronx de una forma u otra, ya sea como jugador que regresa o con un \u00faltimo cap\u00edtulo a rayas.  <\/p>\n\n<p>\u00bfQu\u00e9 te parece?\nDeja tu comentario a continuaci\u00f3n. <\/p>\n","protected":false},"excerpt":{"rendered":"<p>Alex Verdugo, a punto de llegar a la agencia libre este invierno, mantiene la esperanza de regresar a los Yankees de Nueva York, dondeaspira a solidificar su papel y mostrar su potencial m\u00e1s all\u00e1 de la defensa. El jardinero de 28 a\u00f1os ha expresado su entusiasmo por permanecer en el Bronx, destacando la camarader\u00eda \u00fanica [&hellip;]<\/p>\n","protected":false},"author":141,"featured_media":178050,"comment_status":"open","ping_status":"closed","sticky":false,"template":"","format":"standard","meta":{"_acf_changed":false,"jnews-multi-image_gallery":[],"jnews_single_post":[],"jnews_primary_category":[],"jnews_social_meta":[],"jnews_review":[],"enable_review":"","type":"","name":"","summary":"","brand":"","sku":"","good":[],"bad":[],"score_override":"","override_value":"","rating":[],"price":[],"jnews_override_counter":[],"jnews_post_split":[],"footnotes":""},"categories":[2244,897],"tags":[1646,829],"class_list":["post-182360","post","type-post","status-publish","format-standard","has-post-thumbnail","hentry","category-alex-verdugo-es","category-noticias","tag-alex-verdugo-es","tag-yankees-de-nueva-york"],"acf":[],"_links":{"self":[{"href":"https:\/\/pinstripesnation.com\/es\/wp-json\/wp\/v2\/posts\/182360","targetHints":{"allow":["GET"]}}],"collection":[{"href":"https:\/\/pinstripesnation.com\/es\/wp-json\/wp\/v2\/posts"}],"about":[{"href":"https:\/\/pinstripesnation.com\/es\/wp-json\/wp\/v2\/types\/post"}],"author":[{"embeddable":true,"href":"https:\/\/pinstripesnation.com\/es\/wp-json\/wp\/v2\/users\/141"}],"replies":[{"embeddable":true,"href":"https:\/\/pinstripesnation.com\/es\/wp-json\/wp\/v2\/comments?post=182360"}],"version-history":[{"count":0,"href":"https:\/\/pinstripesnation.com\/es\/wp-json\/wp\/v2\/posts\/182360\/revisions"}],"wp:featuredmedia":[{"embeddable":true,"href":"https:\/\/pinstripesnation.com\/es\/wp-json\/wp\/v2\/media\/178050"}],"wp:attachment":[{"href":"https:\/\/pinstripesnation.com\/es\/wp-json\/wp\/v2\/media?parent=182360"}],"wp:term":[{"taxonomy":"category","embeddable":true,"href":"https:\/\/pinstripesnation.com\/es\/wp-json\/wp\/v2\/categories?post=182360"},{"taxonomy":"post_tag","embeddable":true,"href":"https:\/\/pinstripesnation.com\/es\/wp-json\/wp\/v2\/tags?post=182360"}],"curies":[{"name":"wp","href":"https:\/\/api.w.org\/{rel}","templated":true}]}}