{"id":153822,"date":"2024-07-15T21:22:00","date_gmt":"2024-07-16T01:22:00","guid":{"rendered":"https:\/\/pinstripesnation.com\/la-leyenda-de-los-yankees-derek-jeter-corrige-a-cowherd-en-directo-por-tv\/"},"modified":"2024-07-16T06:10:48","modified_gmt":"2024-07-16T10:10:48","slug":"la-leyenda-de-los-yankees-derek-jeter-corrige-a-cowherd-en-directo-por-tv","status":"publish","type":"post","link":"https:\/\/pinstripesnation.com\/es\/la-leyenda-de-los-yankees-derek-jeter-corrige-a-cowherd-en-directo-por-tv\/","title":{"rendered":"La leyenda de los Yankees Derek Jeter corrige a Cowherd en directo por TV"},"content":{"rendered":"\n<p>Colin Cowherd, conocido por sus pol\u00e9micas opiniones en FOX Sports 1, fue <a href=\"https:\/\/www.nj.com\/yankees\/2024\/07\/yankees-legend-derek-jeter-interrupts-host-who-proves-he-knows-little-about-baseball.html\" target=\"_blank\" rel=\"noopener\">corregido <\/a>por la leyenda del b\u00e9isbol Derek Jeter durante un segmento en directo el lunes por la tarde.<\/p>\n\n<h2 class=\"wp-block-heading\">Derek Jeter comprueba los hechos de Colin Cowherd durante una emisi\u00f3n en directo<\/h2>\n\n<figure class=\"wp-block-image size-full\"><img fetchpriority=\"high\" decoding=\"async\" width=\"832\" height=\"447\" src=\"https:\/\/pinstripesnation.com\/wp-content\/uploads\/2024\/07\/Screen-Shot-2024-07-15-at-3.51.36-PM-832x447-1.jpg\" alt=\"Colin Cowherd, conocido por sus pol&#xE9;micas opiniones en FOX Sports 1, fue corregido por la leyenda del b&#xE9;isbol Derek Jeter durante un segmento en directo.  \" class=\"wp-image-153834\" srcset=\"https:\/\/pinstripesnation.com\/wp-content\/uploads\/2024\/07\/Screen-Shot-2024-07-15-at-3.51.36-PM-832x447-1.jpg 832w, https:\/\/pinstripesnation.com\/wp-content\/uploads\/2024\/07\/Screen-Shot-2024-07-15-at-3.51.36-PM-832x447-1-300x161.jpg 300w, https:\/\/pinstripesnation.com\/wp-content\/uploads\/2024\/07\/Screen-Shot-2024-07-15-at-3.51.36-PM-832x447-1-768x413.jpg 768w, https:\/\/pinstripesnation.com\/wp-content\/uploads\/2024\/07\/Screen-Shot-2024-07-15-at-3.51.36-PM-832x447-1-120x64.jpg 120w, https:\/\/pinstripesnation.com\/wp-content\/uploads\/2024\/07\/Screen-Shot-2024-07-15-at-3.51.36-PM-832x447-1-610x328.jpg 610w\" sizes=\"(max-width: 832px) 100vw, 832px\" \/><figcaption class=\"wp-element-caption\">NY POST<\/figcaption><\/figure>\n\n<p>Derek Jeter, el campocorto del Sal\u00f3n de la Fama de <a href=\"https:\/\/pinstripesnation.com\">los Yankees<\/a> de Nueva <a href=\"https:\/\/pinstripesnation.com\">York<\/a> y actual analista de estudio de FOX MLB, estaba hablando con Cowherd sobre el novato de los Piratas de Pittsburgh Paul Skenes cuando una declaraci\u00f3n inexacta provoc\u00f3 una r\u00e1pida respuesta.<\/p>\n\n<figure class=\"wp-block-embed is-type-rich is-provider-twitter wp-block-embed-twitter\"><div class=\"wp-block-embed__wrapper\">\n<blockquote class=\"twitter-tweet\" data-width=\"500\" data-dnt=\"true\"><p lang=\"en\" dir=\"ltr\">Derek Jeter fact-checking Colin Cowherd in real time <a href=\"https:\/\/t.co\/HBeKXHY6eF\">pic.twitter.com\/HBeKXHY6eF<\/a><\/p>&mdash; Awful Announcing (@awfulannouncing) <a href=\"https:\/\/twitter.com\/awfulannouncing\/status\/1812919049992741060?ref_src=twsrc%5Etfw\" target=\"_blank\" rel=\"noopener\">July 15, 2024<\/a><\/blockquote><script async src=\"https:\/\/platform.twitter.com\/widgets.js\" charset=\"utf-8\"><\/script>\n<\/div><\/figure>\n\n<blockquote class=\"wp-block-quote is-layout-flow wp-block-quote-is-layout-flow\">\n<p>\u00abLos Piratas de Paul Skenes, un tipo dominante, avasallador\u00bb, empez\u00f3 diciendo Cowherd en El Reba\u00f1o. \u00abTe enfrentaste, obviamente, en la \u00e9poca de Nolan Ryan. Um&#8230;\u00bb<\/p>\n<\/blockquote>\n\n<blockquote class=\"wp-block-quote is-layout-flow wp-block-quote-is-layout-flow\">\n<p>\u00abNo, no, no, no, no, no\u00bb, intervino r\u00e1pidamente Jeter. \u00abDespacio. M\u00e1s despacio. No, iba muy detr\u00e1s de Nolan\u00bb.<\/p>\n<\/blockquote>\n\n<blockquote class=\"wp-block-quote is-layout-flow wp-block-quote-is-layout-flow\">\n<p>\u00abMucho despu\u00e9s de Nolan\u00bb, reconoci\u00f3 Cowherd. \u00abVALE, VALE\u00bb.<\/p>\n<\/blockquote>\n\n<p>El lanzador del Sal\u00f3n de la Fama Nolan Ryan concluy\u00f3 su carrera de 27 a\u00f1os con los Rangers de Texas en 1993. El debut de Derek Jeter en las Grandes Ligas se produjo el 29 de mayo de 1995, con los Yankees, situando claramente el inicio de su carrera mucho despu\u00e9s de la retirada de Ryan.<\/p>\n\n<p>El paso en falso de Cowherd pone de relieve la necesidad de precisi\u00f3n cuando se habla de figuras deportivas hist\u00f3ricas. Una comparaci\u00f3n m\u00e1s adecuada para la \u00e9poca de Jeter incluir\u00eda a lanzadores como Pedro Mart\u00ednez, Randy Johnson, Kerry Wood o Roger Clemens.<\/p>\n\n<p>La carrera de <a href=\"https:\/\/pinstripesnation.com\/player\/derek-jeter\/\">Derek Jeter<\/a>, que comenz\u00f3 a mediados de la d\u00e9cada de 1990, estuvo marcada por encuentros con numerosas leyendas del lanzamiento, pero Nolan Ryan no estaba entre ellas. El error de Cowherd sirve para recordar la importancia de la comprobaci\u00f3n de los hechos en los comentarios deportivos.<\/p>\n\n<p>\u00bfQu\u00e9 te parece?\nDeja tu comentario a continuaci\u00f3n. <\/p>\n","protected":false},"excerpt":{"rendered":"<p>Colin Cowherd, conocido por sus pol\u00e9micas opiniones en FOX Sports 1, fue corregido por la leyenda del b\u00e9isbol Derek Jeter durante un segmento en directo el lunes por la tarde. Derek Jeter comprueba los hechos de Colin Cowherd durante una emisi\u00f3n en directo Derek Jeter, el campocorto del Sal\u00f3n de la Fama de los Yankees [&hellip;]<\/p>\n","protected":false},"author":141,"featured_media":141378,"comment_status":"open","ping_status":"closed","sticky":false,"template":"","format":"standard","meta":{"_acf_changed":false,"jnews-multi-image_gallery":[],"jnews_single_post":[],"jnews_primary_category":[],"jnews_social_meta":[],"jnews_review":[],"enable_review":"","type":"","name":"","summary":"","brand":"","sku":"","good":[],"bad":[],"score_override":"","override_value":"","rating":[],"price":[],"jnews_override_counter":[],"jnews_post_split":[],"footnotes":""},"categories":[1825,1049,897,1115],"tags":[814,829],"class_list":["post-153822","post","type-post","status-publish","format-standard","has-post-thumbnail","hentry","category-derek-jeter-es","category-leyendas-yanquis","category-noticias","category-perfiles-de-los-jugadores","tag-derek-jeter-es","tag-yankees-de-nueva-york"],"acf":[],"_links":{"self":[{"href":"https:\/\/pinstripesnation.com\/es\/wp-json\/wp\/v2\/posts\/153822","targetHints":{"allow":["GET"]}}],"collection":[{"href":"https:\/\/pinstripesnation.com\/es\/wp-json\/wp\/v2\/posts"}],"about":[{"href":"https:\/\/pinstripesnation.com\/es\/wp-json\/wp\/v2\/types\/post"}],"author":[{"embeddable":true,"href":"https:\/\/pinstripesnation.com\/es\/wp-json\/wp\/v2\/users\/141"}],"replies":[{"embeddable":true,"href":"https:\/\/pinstripesnation.com\/es\/wp-json\/wp\/v2\/comments?post=153822"}],"version-history":[{"count":0,"href":"https:\/\/pinstripesnation.com\/es\/wp-json\/wp\/v2\/posts\/153822\/revisions"}],"wp:featuredmedia":[{"embeddable":true,"href":"https:\/\/pinstripesnation.com\/es\/wp-json\/wp\/v2\/media\/141378"}],"wp:attachment":[{"href":"https:\/\/pinstripesnation.com\/es\/wp-json\/wp\/v2\/media?parent=153822"}],"wp:term":[{"taxonomy":"category","embeddable":true,"href":"https:\/\/pinstripesnation.com\/es\/wp-json\/wp\/v2\/categories?post=153822"},{"taxonomy":"post_tag","embeddable":true,"href":"https:\/\/pinstripesnation.com\/es\/wp-json\/wp\/v2\/tags?post=153822"}],"curies":[{"name":"wp","href":"https:\/\/api.w.org\/{rel}","templated":true}]}}