{"id":142563,"date":"2023-06-22T14:47:17","date_gmt":"2023-06-22T18:47:17","guid":{"rendered":"https:\/\/pinstripesnation.com\/la-ausencia-de-oswald-peraza-preocupa-a-los-yankees\/"},"modified":"2024-06-23T09:34:00","modified_gmt":"2024-06-23T13:34:00","slug":"la-ausencia-de-oswald-peraza-preocupa-a-los-yankees","status":"publish","type":"post","link":"https:\/\/pinstripesnation.com\/es\/la-ausencia-de-oswald-peraza-preocupa-a-los-yankees\/","title":{"rendered":"La ausencia de Oswald Peraza preocupa a los Yankees"},"content":{"rendered":"\n<p>La maldici\u00f3n sigue persiguiendo a los <a href=\"https:\/\/pinstripesnation.com\">Yankees de Nueva<\/a> York, ya que el equipo se enfrenta a la ausencia de Oswald Peraza en sus \u00faltimos partidos contra los <a href=\"https:\/\/pinstripesnation.com\/britos-majestic-comeback-propels-yankees-to-4-2-win-against-mariners-2023-06-22\/\">Mariners de<\/a> Seattle. Con las lesiones confirmadas de <a href=\"https:\/\/pinstripesnation.com\/yankees-injury-update-willie-calhoun-heads-to-il-2023-06-22\/\">Willie Calhoun<\/a> y Aaron Judge, se han filtrado rumores de que la ausencia de Peraza podr\u00eda deberse a una lesi\u00f3n desconocida, lo que ensombrece a uno de <a href=\"https:\/\/pinstripesnation.com\/the-yankees-wallet-power-second-highest-payroll-in-mlb-2023-06-14\/\">los equipos m\u00e1s caros de la MLB<\/a>.<\/p>\n\n<p>Seg\u00fan<a href=\"https:\/\/twitter.com\/BryanHoch\/status\/1671706504863399938\" target=\"_blank\" rel=\"noopener\"> Bryan Hoch, de MLB.com<\/a>, parece que Oswald Peraza ha sufrido una lesi\u00f3n, aunque los detalles a\u00fan no se han confirmado oficialmente en el momento de redactar este informe. La ausencia del jugador en la alineaci\u00f3n ha suscitado preocupaci\u00f3n entre aficionados y analistas, ya que ha mostrado un potencial prometedor a lo largo de la temporada.<\/p>\n\n<h2 class=\"wp-block-heading\">La crisis de lesiones de los Yankees<\/h2>\n\n<figure class=\"wp-block-image size-large\"><img fetchpriority=\"high\" decoding=\"async\" width=\"1024\" height=\"512\" src=\"https:\/\/pinstripesnation.com\/wp-content\/uploads\/2023\/06\/image-92-1024x512.jpg\" alt=\"Oswald Peraza lanza durante el partido de entrenamiento de los Yankees.\" class=\"wp-image-50343\" srcset=\"https:\/\/pinstripesnation.com\/wp-content\/uploads\/2023\/06\/image-92-1024x512.jpg 1024w, https:\/\/pinstripesnation.com\/wp-content\/uploads\/2023\/06\/image-92-1320x660.jpg 1320w\" sizes=\"(max-width: 1024px) 100vw, 1024px\" \/><figcaption class=\"wp-element-caption\">MLB.com<\/figcaption><\/figure>\n\n<p>La ausencia de Oswald Peraza en los \u00faltimos partidos contra los Mariners ha dejado un vac\u00edo en la plantilla del equipo. Aunque la naturaleza exacta de su lesi\u00f3n sigue sin identificarse, la mera especulaci\u00f3n ha avivado la preocupaci\u00f3n por la salud y el rendimiento general del equipo.<\/p>\n\n<p>Los Yankees han tenido su buena raci\u00f3n de problemas de lesiones en los \u00faltimos a\u00f1os, con varios jugadores estrella que han pasado mucho tiempo en la lista de lesionados. Sin duda, esta tendencia ha afectado a la regularidad general del equipo y ha dificultado su capacidad para competir al m\u00e1s alto nivel. La organizaci\u00f3n ha invertido mucho en la adquisici\u00f3n de grandes talentos, pero las lesiones recurrentes han puesto en entredicho su \u00e9xito.<\/p>\n\n<figure class=\"wp-block-image size-large\"><img decoding=\"async\" width=\"1024\" height=\"537\" src=\"https:\/\/pinstripesnation.com\/wp-content\/uploads\/2023\/06\/image-92-1-1024x537.jpg\" alt=\"Oswald Peraza lanza durante el partido de los Yankees.\" class=\"wp-image-50344\" srcset=\"https:\/\/pinstripesnation.com\/wp-content\/uploads\/2023\/06\/image-92-1-1024x537.jpg 1024w, https:\/\/pinstripesnation.com\/wp-content\/uploads\/2023\/06\/image-92-1-300x157.jpg 300w, https:\/\/pinstripesnation.com\/wp-content\/uploads\/2023\/06\/image-92-1-768x403.jpg 768w, https:\/\/pinstripesnation.com\/wp-content\/uploads\/2023\/06\/image-92-1-120x63.jpg 120w, https:\/\/pinstripesnation.com\/wp-content\/uploads\/2023\/06\/image-92-1.jpg 1200w\" sizes=\"(max-width: 1024px) 100vw, 1024px\" \/><figcaption class=\"wp-element-caption\">MLB.com<\/figcaption><\/figure>\n\n<p>Incluso el propietario de los Yankees, <a href=\"https:\/\/pinstripesnation.com\/hal-steinbrenner-feigns-to-be-confused-to-dodge-accountability-for-yankees-struggles-2023-06-22\/\">Hal Steinbrenner<\/a>, ha abordado el tema de las lesiones, que es una de las principales preocupaciones a las que se enfrenta el equipo esta temporada.<\/p>\n\n<p>Mientras los Yankees se esfuerzan por mantener su posici\u00f3n de aspirantes en la altamente competitiva Liga Americana, la ausencia de jugadores clave como Oswald Peraza no hace sino aumentar la presi\u00f3n sobre el resto de la plantilla. La profundidad del equipo se pondr\u00e1 a prueba, lo que requerir\u00e1 que otros jugadores den un paso adelante y llenen el vac\u00edo dejado por los jugadores lesionados.<\/p>\n\n<p>Mientras tanto, los aficionados y los analistas esperan actualizaciones sobre el estado de Oswald Peraza, con la esperanza de una pronta recuperaci\u00f3n y su regreso a la alineaci\u00f3n de los Yankees. El \u00e9xito de los Yankees de Nueva York puede depender de su capacidad para superar la lesi\u00f3n.<\/p>\n\n<p>Sin embargo, una buena noticia es que jugadores esenciales como <a href=\"https:\/\/pinstripesnation.com\/es\/harrison-bader-titular-de-los-yankees-esta-noche\/\">Harrison Bader<\/a> han regresado al equipo. Adem\u00e1s, <a href=\"https:\/\/pinstripesnation.com\/es\/aaron-boone-presiona-a-rodon-para-que-aumente-su-velocidad-y-a-lemahieu-para-que-recupere-la-gloria\/\">Carlos Rodon<\/a> podr\u00eda estar cerca de volver, ya que estaba previsto que jugara su segundo partido de rehabilitaci\u00f3n este domingo.<\/p>\n\n<p>\u00bfQu\u00e9 le parece? Deje su comentario a continuaci\u00f3n.<\/p>\n","protected":false},"excerpt":{"rendered":"<p>La maldici\u00f3n sigue persiguiendo a los Yankees de Nueva York, ya que el equipo se enfrenta a la ausencia de Oswald Peraza en sus \u00faltimos partidos contra los Mariners de Seattle. Con las lesiones confirmadas de Willie Calhoun y Aaron Judge, se han filtrado rumores de que la ausencia de Peraza podr\u00eda deberse a una [&hellip;]<\/p>\n","protected":false},"author":141,"featured_media":55054,"comment_status":"open","ping_status":"closed","sticky":false,"template":"","format":"standard","meta":{"_acf_changed":false,"jnews-multi-image_gallery":[],"jnews_single_post":[],"jnews_primary_category":[],"jnews_social_meta":[],"jnews_review":[],"enable_review":"","type":"","name":"","summary":"","brand":"","sku":"","good":[],"bad":[],"score_override":"","override_value":"","rating":[],"price":[],"jnews_override_counter":[],"jnews_post_split":[],"footnotes":""},"categories":[897,898],"tags":[834,829],"class_list":["post-142563","post","type-post","status-publish","format-standard","has-post-thumbnail","hentry","category-noticias","category-rumores","tag-oswald-peraza-es","tag-yankees-de-nueva-york"],"acf":[],"_links":{"self":[{"href":"https:\/\/pinstripesnation.com\/es\/wp-json\/wp\/v2\/posts\/142563","targetHints":{"allow":["GET"]}}],"collection":[{"href":"https:\/\/pinstripesnation.com\/es\/wp-json\/wp\/v2\/posts"}],"about":[{"href":"https:\/\/pinstripesnation.com\/es\/wp-json\/wp\/v2\/types\/post"}],"author":[{"embeddable":true,"href":"https:\/\/pinstripesnation.com\/es\/wp-json\/wp\/v2\/users\/141"}],"replies":[{"embeddable":true,"href":"https:\/\/pinstripesnation.com\/es\/wp-json\/wp\/v2\/comments?post=142563"}],"version-history":[{"count":0,"href":"https:\/\/pinstripesnation.com\/es\/wp-json\/wp\/v2\/posts\/142563\/revisions"}],"wp:featuredmedia":[{"embeddable":true,"href":"https:\/\/pinstripesnation.com\/es\/wp-json\/wp\/v2\/media\/55054"}],"wp:attachment":[{"href":"https:\/\/pinstripesnation.com\/es\/wp-json\/wp\/v2\/media?parent=142563"}],"wp:term":[{"taxonomy":"category","embeddable":true,"href":"https:\/\/pinstripesnation.com\/es\/wp-json\/wp\/v2\/categories?post=142563"},{"taxonomy":"post_tag","embeddable":true,"href":"https:\/\/pinstripesnation.com\/es\/wp-json\/wp\/v2\/tags?post=142563"}],"curies":[{"name":"wp","href":"https:\/\/api.w.org\/{rel}","templated":true}]}}