{"id":138684,"date":"2024-06-14T11:31:31","date_gmt":"2024-06-14T15:31:31","guid":{"rendered":"https:\/\/pinstripesnation.com\/la-operacion-de-codo-margina-a-everson-pereira-de-los-yankees-por-segundo-ano-consecutivo\/"},"modified":"2024-07-05T01:57:13","modified_gmt":"2024-07-05T05:57:13","slug":"la-operacion-de-codo-margina-a-everson-pereira-de-los-yankees-por-segundo-ano-consecutivo","status":"publish","type":"post","link":"https:\/\/pinstripesnation.com\/es\/la-operacion-de-codo-margina-a-everson-pereira-de-los-yankees-por-segundo-ano-consecutivo\/","title":{"rendered":"La operaci\u00f3n de codo margina a Everson Pereira, de los Yankees, por segundo a\u00f1o consecutivo"},"content":{"rendered":"\n<p>Por segundo a\u00f1o consecutivo, un prospecto de jardinero de los Yankees necesita operarse del ligamento cruzado anterior. <a href=\"https:\/\/pinstripesnation.com\/es\/tag\/everson-pereira-es\/\">Everson Pereira<\/a> permanecer\u00e1 de baja el resto de la temporada en Triple-A para someterse a una operaci\u00f3n de ortesis interna en el codo, seg\u00fan confirm\u00f3 una fuente a SNY el viernes.<\/p>\n\n<h2 class=\"wp-block-heading\">\u00bfQu\u00e9 ha ocurrido?  <\/h2>\n\n<figure class=\"wp-block-image size-large\"><img fetchpriority=\"high\" decoding=\"async\" width=\"1200\" height=\"964\" src=\"https:\/\/pinstripesnation.com\/wp-content\/uploads\/2024\/06\/image-100-1200x964.png\" alt=\"Everson Pereira bateaba .265 con 10 jonrones y un OPS de .859 en Triple-A Scranton\/Wilkes-Barre esta temporada.\" class=\"wp-image-138912\" srcset=\"https:\/\/pinstripesnation.com\/wp-content\/uploads\/2024\/06\/image-100-1200x964.png 1200w, https:\/\/pinstripesnation.com\/wp-content\/uploads\/2024\/06\/image-100-850x683.png 850w, https:\/\/pinstripesnation.com\/wp-content\/uploads\/2024\/06\/image-100-300x241.png 300w, https:\/\/pinstripesnation.com\/wp-content\/uploads\/2024\/06\/image-100-768x617.png 768w, https:\/\/pinstripesnation.com\/wp-content\/uploads\/2024\/06\/image-100-120x96.png 120w, https:\/\/pinstripesnation.com\/wp-content\/uploads\/2024\/06\/image-100-610x490.png 610w, https:\/\/pinstripesnation.com\/wp-content\/uploads\/2024\/06\/image-100-1320x1060.png 1320w, https:\/\/pinstripesnation.com\/wp-content\/uploads\/2024\/06\/image-100.png 1536w\" sizes=\"(max-width: 1200px) 100vw, 1200px\" \/><figcaption class=\"wp-element-caption\">Charles Wenzelberg \/ New York Post<\/figcaption><\/figure>\n\n<p>El viernes, <a href=\"https:\/\/sny.tv\/articles\/yankees-prospect-everson-pereira-elbow-surgery\" target=\"_blank\" rel=\"noopener\">Andy Martino de SNY<\/a> inform\u00f3 de que fue una lesi\u00f3n en el codo lo que apart\u00f3 a Pereira de la temporada.<\/p>\n\n<p>Un d\u00eda antes, <a href=\"https:\/\/pinstripesnation.com\/es\/termina-el-ano-del-prospecto-de-los-yankees-everson-pereira-colocado-en-il-de-temporada-completa\/\" data-type=\"post\" data-id=\"138532\">Pinstripes Nation inform\u00f3 de que Everson Pereira<\/a> se perder\u00eda el resto de la temporada debido a una lesi\u00f3n, pero no especific\u00f3 la naturaleza de la misma.<\/p>\n\n<p>Seg\u00fan Martino, una fuente familiarizada con la situaci\u00f3n declar\u00f3 que Everson Pereira se someter\u00e1 a un procedimiento de cors\u00e9 interno, una modificaci\u00f3n m\u00e1s reciente de la cirug\u00eda Tommy John que requiere un tiempo de recuperaci\u00f3n algo menor.<\/p>\n\n<figure class=\"wp-block-image size-large\"><img decoding=\"async\" width=\"1200\" height=\"733\" src=\"https:\/\/pinstripesnation.com\/wp-content\/uploads\/2024\/06\/everson-pereira-new-york-yankees-2-1200x733.jpg\" alt=\"Everson Pereira, el mejor prospecto de los Yankees, se perder&#xE1; toda la temporada por una lesi&#xF3;n en el codo\" class=\"wp-image-138916\" srcset=\"https:\/\/pinstripesnation.com\/wp-content\/uploads\/2024\/06\/everson-pereira-new-york-yankees-2-1200x733.jpg 1200w, https:\/\/pinstripesnation.com\/wp-content\/uploads\/2024\/06\/everson-pereira-new-york-yankees-2-1024x625.jpg 1024w, https:\/\/pinstripesnation.com\/wp-content\/uploads\/2024\/06\/everson-pereira-new-york-yankees-2-300x183.jpg 300w, https:\/\/pinstripesnation.com\/wp-content\/uploads\/2024\/06\/everson-pereira-new-york-yankees-2-768x469.jpg 768w, https:\/\/pinstripesnation.com\/wp-content\/uploads\/2024\/06\/everson-pereira-new-york-yankees-2-120x73.jpg 120w, https:\/\/pinstripesnation.com\/wp-content\/uploads\/2024\/06\/everson-pereira-new-york-yankees-2-610x372.jpg 610w, https:\/\/pinstripesnation.com\/wp-content\/uploads\/2024\/06\/everson-pereira-new-york-yankees-2.jpg 1266w\" sizes=\"(max-width: 1200px) 100vw, 1200px\" \/><figcaption class=\"wp-element-caption\">SNY<\/figcaption><\/figure>\n\n<p>Jasson Dom\u00ednguez, otro prospecto de jardinero de <a href=\"https:\/\/pinstripesnation.com\">los Yankees<\/a> que, al igual que Pereira, debut\u00f3 en la MLB el a\u00f1o pasado, se someti\u00f3 al mismo procedimiento el pasado mes de septiembre. Los Yankees activaron a Dom\u00ednguez de la lista de lesionados la semana pasada y lo enviaron a Triple-A Scranton.<\/p>\n\n<p>Everson Pereira, de 23 a\u00f1os, tuvo problemas durante su convocatoria el a\u00f1o pasado, con 14 hits en 93 bateos. Sin embargo, MLB Pipeline sigue consider\u00e1ndolo el quinto mejor prospecto de los Yankees y este a\u00f1o ha registrado un OPS de .859 en Triple-A.<\/p>\n\n<p>A pesar de su prometedor futuro, se esperaba que regresara en 2024. Sin embargo, con esta nueva lesi\u00f3n, se prev\u00e9 que no est\u00e9 listo hasta 2025.<\/p>\n\n<p>Con un abarrotado campo exterior de los Yankees, Everson Pereira podr\u00eda haber sido una valiosa moneda de cambio en la fecha l\u00edmite del mes que viene, cuando el equipo busque ayuda en el bullpen y posiblemente en el campo interior.<\/p>\n\n<p>\u00bfQu\u00e9 te parece?\nDeja tu comentario a continuaci\u00f3n. <\/p>\n","protected":false},"excerpt":{"rendered":"<p>Por segundo a\u00f1o consecutivo, un prospecto de jardinero de los Yankees necesita operarse del ligamento cruzado anterior. Everson Pereira permanecer\u00e1 de baja el resto de la temporada en Triple-A para someterse a una operaci\u00f3n de ortesis interna en el codo, seg\u00fan confirm\u00f3 una fuente a SNY el viernes. \u00bfQu\u00e9 ha ocurrido? El viernes, Andy Martino [&hellip;]<\/p>\n","protected":false},"author":141,"featured_media":65873,"comment_status":"open","ping_status":"closed","sticky":false,"template":"","format":"standard","meta":{"_acf_changed":false,"jnews-multi-image_gallery":[],"jnews_single_post":[],"jnews_primary_category":[],"jnews_social_meta":[],"jnews_review":[],"enable_review":"","type":"","name":"","summary":"","brand":"","sku":"","good":[],"bad":[],"score_override":"","override_value":"","rating":[],"price":[],"jnews_override_counter":[],"jnews_post_split":[],"footnotes":""},"categories":[2363,897],"tags":[1154,829],"class_list":["post-138684","post","type-post","status-publish","format-standard","has-post-thumbnail","hentry","category-everson-pereira-es","category-noticias","tag-everson-pereira-es","tag-yankees-de-nueva-york"],"acf":[],"_links":{"self":[{"href":"https:\/\/pinstripesnation.com\/es\/wp-json\/wp\/v2\/posts\/138684","targetHints":{"allow":["GET"]}}],"collection":[{"href":"https:\/\/pinstripesnation.com\/es\/wp-json\/wp\/v2\/posts"}],"about":[{"href":"https:\/\/pinstripesnation.com\/es\/wp-json\/wp\/v2\/types\/post"}],"author":[{"embeddable":true,"href":"https:\/\/pinstripesnation.com\/es\/wp-json\/wp\/v2\/users\/141"}],"replies":[{"embeddable":true,"href":"https:\/\/pinstripesnation.com\/es\/wp-json\/wp\/v2\/comments?post=138684"}],"version-history":[{"count":0,"href":"https:\/\/pinstripesnation.com\/es\/wp-json\/wp\/v2\/posts\/138684\/revisions"}],"wp:featuredmedia":[{"embeddable":true,"href":"https:\/\/pinstripesnation.com\/es\/wp-json\/wp\/v2\/media\/65873"}],"wp:attachment":[{"href":"https:\/\/pinstripesnation.com\/es\/wp-json\/wp\/v2\/media?parent=138684"}],"wp:term":[{"taxonomy":"category","embeddable":true,"href":"https:\/\/pinstripesnation.com\/es\/wp-json\/wp\/v2\/categories?post=138684"},{"taxonomy":"post_tag","embeddable":true,"href":"https:\/\/pinstripesnation.com\/es\/wp-json\/wp\/v2\/tags?post=138684"}],"curies":[{"name":"wp","href":"https:\/\/api.w.org\/{rel}","templated":true}]}}